{"id":182069,"date":"2021-06-14T13:02:00","date_gmt":"2021-06-14T18:02:00","guid":{"rendered":"http:\/\/vertienteglobal.com\/?p=182069"},"modified":"2021-06-14T13:07:17","modified_gmt":"2021-06-14T18:07:17","slug":"evoluciona-disturbio-93l-a-depresion-tropical-dos-pc","status":"publish","type":"post","link":"http:\/\/vertienteglobal.com\/?p=182069","title":{"rendered":"Evoluciona disturbio 93L a Depresi\u00f3n Tropical DOS: PC"},"content":{"rendered":"\n<div class=\"twitterbutton\" style=\"float: right; padding-left: 5px;\"><a href=\"http:\/\/twitter.com\/share\" class=\"twitter-share-button\" data-count=\"horizontal\" data-text=\"Evoluciona disturbio 93L a Depresi\u00f3n Tropical DOS: PC\" data-via=\"https:\/\/twitter.com\/VertienteGloba1\" data-url=\"http:\/\/vertienteglobal.com\/?p=182069\" data-lang=\"es\" data-related=\"Informaci\u00f3n general:S\u00edguenos para que est\u00e9ss informado\"><\/a><\/div>\n<figure class=\"wp-block-image size-large\"><img loading=\"lazy\" decoding=\"async\" width=\"1024\" height=\"683\" src=\"http:\/\/vertienteglobal.com\/wp-content\/uploads\/2021\/06\/1162699.jpg\" alt=\"\" class=\"wp-image-182070\" srcset=\"http:\/\/vertienteglobal.com\/wp-content\/uploads\/2021\/06\/1162699.jpg 1024w, http:\/\/vertienteglobal.com\/wp-content\/uploads\/2021\/06\/1162699-300x200.jpg 300w, http:\/\/vertienteglobal.com\/wp-content\/uploads\/2021\/06\/1162699-150x100.jpg 150w, http:\/\/vertienteglobal.com\/wp-content\/uploads\/2021\/06\/1162699-768x512.jpg 768w\" sizes=\"auto, (max-width: 1024px) 100vw, 1024px\" \/><\/figure>\n\n\n\n<p>(Redacci\u00f3n)<\/p>\n\n\n\n<p>Informa que esta noche sea la Tormenta Tropical #Bill<\/p>\n\n\n\n<p>Xalapa, Veracruz a 14 de junio de 2021.- La Secretar\u00eda de Protecci\u00f3n Civil informa que en el Atl\u00e1ntico, el disturbio 93L ha evolucionado r\u00e1pidamente a la Depresi\u00f3n Tropical DOS, con centro a 165 km al Este de Cape Hatteras NC, vientos m\u00e1ximos sostenidos de 55 km\/h y movimiento al NE a 23 km\/h.<\/p>\n\n\n\n<p>Detalla que se espera se mueva con rapidez paralelo a costas de Estados Unidos y que esta noche sea la TT #Bill<\/p>\n","protected":false},"excerpt":{"rendered":"<p>(Redacci\u00f3n) Informa que esta noche sea la Tormenta Tropical #Bill Xalapa, Veracruz a 14 de junio de 2021.- La Secretar\u00eda de Protecci\u00f3n Civil informa que en el Atl\u00e1ntico, el disturbio 93L ha evolucionado r\u00e1pidamente a la Depresi\u00f3n Tropical DOS, con centro a 165 km al Este de Cape Hatteras NC, vientos m\u00e1ximos sostenidos de 55 [&hellip;]<\/p>\n","protected":false},"author":1,"featured_media":182070,"comment_status":"open","ping_status":"open","sticky":false,"template":"","format":"standard","meta":{"footnotes":""},"categories":[7],"tags":[],"class_list":["post-182069","post","type-post","status-publish","format-standard","has-post-thumbnail","hentry","category-veracruz","entry","has-media"],"jetpack_featured_media_url":"http:\/\/vertienteglobal.com\/wp-content\/uploads\/2021\/06\/1162699.jpg","_links":{"self":[{"href":"http:\/\/vertienteglobal.com\/index.php?rest_route=\/wp\/v2\/posts\/182069","targetHints":{"allow":["GET"]}}],"collection":[{"href":"http:\/\/vertienteglobal.com\/index.php?rest_route=\/wp\/v2\/posts"}],"about":[{"href":"http:\/\/vertienteglobal.com\/index.php?rest_route=\/wp\/v2\/types\/post"}],"author":[{"embeddable":true,"href":"http:\/\/vertienteglobal.com\/index.php?rest_route=\/wp\/v2\/users\/1"}],"replies":[{"embeddable":true,"href":"http:\/\/vertienteglobal.com\/index.php?rest_route=%2Fwp%2Fv2%2Fcomments&post=182069"}],"version-history":[{"count":0,"href":"http:\/\/vertienteglobal.com\/index.php?rest_route=\/wp\/v2\/posts\/182069\/revisions"}],"wp:featuredmedia":[{"embeddable":true,"href":"http:\/\/vertienteglobal.com\/index.php?rest_route=\/wp\/v2\/media\/182070"}],"wp:attachment":[{"href":"http:\/\/vertienteglobal.com\/index.php?rest_route=%2Fwp%2Fv2%2Fmedia&parent=182069"}],"wp:term":[{"taxonomy":"category","embeddable":true,"href":"http:\/\/vertienteglobal.com\/index.php?rest_route=%2Fwp%2Fv2%2Fcategories&post=182069"},{"taxonomy":"post_tag","embeddable":true,"href":"http:\/\/vertienteglobal.com\/index.php?rest_route=%2Fwp%2Fv2%2Ftags&post=182069"}],"curies":[{"name":"wp","href":"https:\/\/api.w.org\/{rel}","templated":true}]}}