{"id":181994,"date":"2021-06-13T16:50:00","date_gmt":"2021-06-13T21:50:00","guid":{"rendered":"http:\/\/vertienteglobal.com\/?p=181994"},"modified":"2021-06-13T19:51:33","modified_gmt":"2021-06-14T00:51:33","slug":"evelyn-salgado-recibe-constancia-de-mayoria-para-la-gubernatura-de-guerrero","status":"publish","type":"post","link":"http:\/\/vertienteglobal.com\/?p=181994","title":{"rendered":"Evelyn Salgado recibe constancia de mayor\u00eda para la gubernatura de Guerrero"},"content":{"rendered":"\n<div class=\"twitterbutton\" style=\"float: right; padding-left: 5px;\"><a href=\"http:\/\/twitter.com\/share\" class=\"twitter-share-button\" data-count=\"horizontal\" data-text=\"Evelyn Salgado recibe constancia de mayor\u00eda para la gubernatura de Guerrero\" data-via=\"https:\/\/twitter.com\/VertienteGloba1\" data-url=\"http:\/\/vertienteglobal.com\/?p=181994\" data-lang=\"es\" data-related=\"Informaci\u00f3n general:S\u00edguenos para que est\u00e9ss informado\"><\/a><\/div>\n<figure class=\"wp-block-image size-large\"><img loading=\"lazy\" decoding=\"async\" width=\"1024\" height=\"683\" src=\"http:\/\/vertienteglobal.com\/wp-content\/uploads\/2021\/06\/146305.jpg\" alt=\"\" class=\"wp-image-181995\" srcset=\"http:\/\/vertienteglobal.com\/wp-content\/uploads\/2021\/06\/146305.jpg 1024w, http:\/\/vertienteglobal.com\/wp-content\/uploads\/2021\/06\/146305-300x200.jpg 300w, http:\/\/vertienteglobal.com\/wp-content\/uploads\/2021\/06\/146305-150x100.jpg 150w, http:\/\/vertienteglobal.com\/wp-content\/uploads\/2021\/06\/146305-768x512.jpg 768w\" sizes=\"auto, (max-width: 1024px) 100vw, 1024px\" \/><\/figure>\n\n\n\n<p>(Redacci\u00f3n)<\/p>\n\n\n\n<p>Reconoci\u00f3 la participaci\u00f3n del pueblo de Guerrero en las urnas, pues su victoria se dio gracias al apoyo popular que se manifest\u00f3 desde que la direcci\u00f3n local de Movimiento Regeneraci\u00f3n Nacional (Morena) la puso a ella como sustituto de su pap\u00e1<\/p>\n\n\n\n<p>Chilpancingo, Guerrero a 13 de junio de 2021.- Evelyn Salgado, candidata de Morena a la gubernatura de Guerrero, recibi\u00f3 su constancia de mayor\u00eda por parte del \u00f3rgano electoral guerrerense que la ratifica como la pr\u00f3xima jefa del ejecutivo local.<\/p>\n\n\n\n<p>Y es que la ma\u00f1ana de este domingo 13 de junio, la hija de F\u00e9lix Salgado Macedonio ofreci\u00f3 una conferencia de prensa en la que agradeci\u00f3 a los actores principales que permitieron que ella pudiera recibir dicho cargo de representaci\u00f3n ciudadana.<\/p>\n\n\n\n<p>Tambi\u00e9n, reconoci\u00f3 la participaci\u00f3n del pueblo de Guerrero en las urnas, pues su victoria se dio gracias al apoyo popular que se manifest\u00f3 desde que la direcci\u00f3n local de Movimiento Regeneraci\u00f3n Nacional (Morena) la puso a ella como sustituto de su pap\u00e1.<\/p>\n\n\n\n<p>Agradeci\u00f3 el quehacer como funcionario p\u00fablico a Nazar\u00edn Vargas Armenta, presidente del Instituto Electoral y Participaci\u00f3n Ciudadana (IEPC) del estado de Guerrero y a Carlos Villalpando, representante de Morena ante el IEPC. Motivo por el cual se congratul\u00f3 de ser \u201cla primer mujer gobernadora de este hermoso estado\u201d. (Fuente: Infobae)<\/p>\n","protected":false},"excerpt":{"rendered":"<p>(Redacci\u00f3n) Reconoci\u00f3 la participaci\u00f3n del pueblo de Guerrero en las urnas, pues su victoria se dio gracias al apoyo popular que se manifest\u00f3 desde que la direcci\u00f3n local de Movimiento Regeneraci\u00f3n Nacional (Morena) la puso a ella como sustituto de su pap\u00e1 Chilpancingo, Guerrero a 13 de junio de 2021.- Evelyn Salgado, candidata de Morena [&hellip;]<\/p>\n","protected":false},"author":1,"featured_media":181995,"comment_status":"open","ping_status":"open","sticky":false,"template":"","format":"standard","meta":{"footnotes":""},"categories":[8],"tags":[],"class_list":["post-181994","post","type-post","status-publish","format-standard","has-post-thumbnail","hentry","category-pais","entry","has-media"],"jetpack_featured_media_url":"http:\/\/vertienteglobal.com\/wp-content\/uploads\/2021\/06\/146305.jpg","_links":{"self":[{"href":"http:\/\/vertienteglobal.com\/index.php?rest_route=\/wp\/v2\/posts\/181994","targetHints":{"allow":["GET"]}}],"collection":[{"href":"http:\/\/vertienteglobal.com\/index.php?rest_route=\/wp\/v2\/posts"}],"about":[{"href":"http:\/\/vertienteglobal.com\/index.php?rest_route=\/wp\/v2\/types\/post"}],"author":[{"embeddable":true,"href":"http:\/\/vertienteglobal.com\/index.php?rest_route=\/wp\/v2\/users\/1"}],"replies":[{"embeddable":true,"href":"http:\/\/vertienteglobal.com\/index.php?rest_route=%2Fwp%2Fv2%2Fcomments&post=181994"}],"version-history":[{"count":0,"href":"http:\/\/vertienteglobal.com\/index.php?rest_route=\/wp\/v2\/posts\/181994\/revisions"}],"wp:featuredmedia":[{"embeddable":true,"href":"http:\/\/vertienteglobal.com\/index.php?rest_route=\/wp\/v2\/media\/181995"}],"wp:attachment":[{"href":"http:\/\/vertienteglobal.com\/index.php?rest_route=%2Fwp%2Fv2%2Fmedia&parent=181994"}],"wp:term":[{"taxonomy":"category","embeddable":true,"href":"http:\/\/vertienteglobal.com\/index.php?rest_route=%2Fwp%2Fv2%2Fcategories&post=181994"},{"taxonomy":"post_tag","embeddable":true,"href":"http:\/\/vertienteglobal.com\/index.php?rest_route=%2Fwp%2Fv2%2Ftags&post=181994"}],"curies":[{"name":"wp","href":"https:\/\/api.w.org\/{rel}","templated":true}]}}