{"id":181948,"date":"2021-06-13T11:49:00","date_gmt":"2021-06-13T16:49:00","guid":{"rendered":"http:\/\/vertienteglobal.com\/?p=181948"},"modified":"2021-06-13T12:02:23","modified_gmt":"2021-06-13T17:02:23","slug":"no-habra-conteo-total-de-los-votos-en-cancun-ieqroo","status":"publish","type":"post","link":"http:\/\/vertienteglobal.com\/?p=181948","title":{"rendered":"No habr\u00e1 conteo total de los votos en Canc\u00fan: Ieqroo"},"content":{"rendered":"\n<div class=\"twitterbutton\" style=\"float: right; padding-left: 5px;\"><a href=\"http:\/\/twitter.com\/share\" class=\"twitter-share-button\" data-count=\"horizontal\" data-text=\"No habr\u00e1 conteo total de los votos en Canc\u00fan: Ieqroo\" data-via=\"https:\/\/twitter.com\/VertienteGloba1\" data-url=\"http:\/\/vertienteglobal.com\/?p=181948\" data-lang=\"es\" data-related=\"Informaci\u00f3n general:S\u00edguenos para que est\u00e9ss informado\"><\/a><\/div>\n<figure class=\"wp-block-image size-large\"><img loading=\"lazy\" decoding=\"async\" width=\"696\" height=\"388\" src=\"http:\/\/vertienteglobal.com\/wp-content\/uploads\/2021\/06\/Screenshot_20210613-095944_Facebook-696x388-1.jpg\" alt=\"\" class=\"wp-image-181949\" srcset=\"http:\/\/vertienteglobal.com\/wp-content\/uploads\/2021\/06\/Screenshot_20210613-095944_Facebook-696x388-1.jpg 696w, http:\/\/vertienteglobal.com\/wp-content\/uploads\/2021\/06\/Screenshot_20210613-095944_Facebook-696x388-1-300x167.jpg 300w, http:\/\/vertienteglobal.com\/wp-content\/uploads\/2021\/06\/Screenshot_20210613-095944_Facebook-696x388-1-150x84.jpg 150w\" sizes=\"auto, (max-width: 696px) 100vw, 696px\" \/><\/figure>\n\n\n\n<p>(Antonio Rivera)<\/p>\n\n\n\n<p>El consejo municipal del Ieqroo en Benito Ju\u00e1rez, aclaro que solo se realizar\u00e1 revisi\u00f3n de 19 paquetes electorales<\/p>\n\n\n\n<p>Canc\u00fan, Quintana Roo a 13 de junio de 2021.- El consejo municipal del Instituto Electoral de Quintana Roo (Ieqroo) en Benito Ju\u00e1rez, dejo en claro que no se llevar\u00e1 a cabo el conteo total de las mil 83 casillas como lo solicit\u00f3 el Partido de la Revoluci\u00f3n Democr\u00e1tica (PRD) y Partido Fuerza por M\u00e9xico (PXM), lo anterior al justificar que no son el \u00e1rea competente para someter a recuento el total de las casillas y exhort\u00f3 a los partidos pol\u00edticos presentar sus denuncias ante las instancias correspondientes.<\/p>\n\n\n\n<p>Y es que en la sesi\u00f3n de este domingo para el recuento de la elecci\u00f3n a la presidencia municipal de Benito Ju\u00e1rez, el consejo general del Ieqroo acord\u00f3 someter a recuentos s\u00f3lo 19 paquetes de mil 83 casillas, el resto ser\u00e1 s\u00f3lo sometido a cotejo.<\/p>\n\n\n\n<p>Al dar inicio con la sesi\u00f3n, el PRD, se\u00f1al\u00f3 que hay inconsistencias en el llenado de las actas electorales que se realiz\u00f3 el pasado 6 de junio, adem\u00e1s de que hay posibilidad de que algunos hayan sido alterados durante la cadena de custodia ya que hay vulneraci\u00f3n en el mismo, por lo que solicit\u00f3 se sometiera a recuento el total de los paquetes electorales para darle mayor certeza y legalidad a los resultados de la elecci\u00f3n.<\/p>\n\n\n\n<p>En su oportunidad, el Partido Fuerza por M\u00e9xico adem\u00e1s de solicitar el recuento total de las casillas, solicit\u00f3 cancelar el registro al Partido Verde Ecologista de M\u00e9xico (PVEM) por rebasar el tope de campa\u00f1a, adem\u00e1s de que no les entregaron los formatos correspondientes de los paquetes electorales y que hubieron incidencias en la apertura de casillas.<\/p>\n\n\n\n<p>Por lo que la representante del PVEM, rechaz\u00f3 dichas manifestaciones, argumentando que el \u00f3rgano electoral en Benito Ju\u00e1rez en primera, no est\u00e1 facultado para cancelar el registro de un partido, en segunda cada fuerza pol\u00edtica deber\u00e1 presentar por escrito la solicitud planteada, adem\u00e1s de que dichos temas se deber\u00e1n resolver ante los Tribunales Electorales y no ante el consejo general.<\/p>\n\n\n\n<p>Asimismo, el consejero Carlos Caballero, sostuvo que hasta que no se concluya con la revisi\u00f3n y consejo de las actas no se podr\u00e1 conocer si hubo inconsistencias o no, por lo tanto los partidos pol\u00edticos tendr\u00e1n que esperar para ver si procede el recuento total de los votos.<\/p>\n\n\n\n<p>Por \u00faltimo el consejero presidente Mauricio Nieto Sandoval, dejo en claro que el recuento de los paquetes electorales s\u00f3lo se har\u00e1n en las casillas: 57 contigua 1, 93 b\u00e1sica, 93 contigua 1, 123 b\u00e1sica, 124 b\u00e1sica, 125 b\u00e1sica, 135 contigua 1, 168 b\u00e1sica, 168 contigua 10, 168 contigua 5, 626 contigua 3, 627 contigua 2, 653 contigua 1, 1033 contigua 2, secci\u00f3n 152 contigua 2 y 153 contigua 4.<\/p>\n","protected":false},"excerpt":{"rendered":"<p>(Antonio Rivera) El consejo municipal del Ieqroo en Benito Ju\u00e1rez, aclaro que solo se realizar\u00e1 revisi\u00f3n de 19 paquetes electorales Canc\u00fan, Quintana Roo a 13 de junio de 2021.- El consejo municipal del Instituto Electoral de Quintana Roo (Ieqroo) en Benito Ju\u00e1rez, dejo en claro que no se llevar\u00e1 a cabo el conteo total de [&hellip;]<\/p>\n","protected":false},"author":6,"featured_media":181949,"comment_status":"open","ping_status":"open","sticky":false,"template":"","format":"standard","meta":{"footnotes":""},"categories":[3],"tags":[],"class_list":["post-181948","post","type-post","status-publish","format-standard","has-post-thumbnail","hentry","category-quintana-roo","entry","has-media"],"jetpack_featured_media_url":"http:\/\/vertienteglobal.com\/wp-content\/uploads\/2021\/06\/Screenshot_20210613-095944_Facebook-696x388-1.jpg","_links":{"self":[{"href":"http:\/\/vertienteglobal.com\/index.php?rest_route=\/wp\/v2\/posts\/181948","targetHints":{"allow":["GET"]}}],"collection":[{"href":"http:\/\/vertienteglobal.com\/index.php?rest_route=\/wp\/v2\/posts"}],"about":[{"href":"http:\/\/vertienteglobal.com\/index.php?rest_route=\/wp\/v2\/types\/post"}],"author":[{"embeddable":true,"href":"http:\/\/vertienteglobal.com\/index.php?rest_route=\/wp\/v2\/users\/6"}],"replies":[{"embeddable":true,"href":"http:\/\/vertienteglobal.com\/index.php?rest_route=%2Fwp%2Fv2%2Fcomments&post=181948"}],"version-history":[{"count":0,"href":"http:\/\/vertienteglobal.com\/index.php?rest_route=\/wp\/v2\/posts\/181948\/revisions"}],"wp:featuredmedia":[{"embeddable":true,"href":"http:\/\/vertienteglobal.com\/index.php?rest_route=\/wp\/v2\/media\/181949"}],"wp:attachment":[{"href":"http:\/\/vertienteglobal.com\/index.php?rest_route=%2Fwp%2Fv2%2Fmedia&parent=181948"}],"wp:term":[{"taxonomy":"category","embeddable":true,"href":"http:\/\/vertienteglobal.com\/index.php?rest_route=%2Fwp%2Fv2%2Fcategories&post=181948"},{"taxonomy":"post_tag","embeddable":true,"href":"http:\/\/vertienteglobal.com\/index.php?rest_route=%2Fwp%2Fv2%2Ftags&post=181948"}],"curies":[{"name":"wp","href":"https:\/\/api.w.org\/{rel}","templated":true}]}}