{"id":181693,"date":"2021-06-09T18:02:26","date_gmt":"2021-06-09T23:02:26","guid":{"rendered":"http:\/\/vertienteglobal.com\/?p=181693"},"modified":"2021-06-10T09:29:00","modified_gmt":"2021-06-10T14:29:00","slug":"usuarios-reportan-caida-de-facebook-whatsapp-e-instagram","status":"publish","type":"post","link":"http:\/\/vertienteglobal.com\/?p=181693","title":{"rendered":"Usuarios reportan ca\u00edda de Facebook, WhatsApp e Instagram"},"content":{"rendered":"\n<div class=\"twitterbutton\" style=\"float: right; padding-left: 5px;\"><a href=\"http:\/\/twitter.com\/share\" class=\"twitter-share-button\" data-count=\"horizontal\" data-text=\"Usuarios reportan ca\u00edda de Facebook, WhatsApp e Instagram\" data-via=\"https:\/\/twitter.com\/VertienteGloba1\" data-url=\"http:\/\/vertienteglobal.com\/?p=181693\" data-lang=\"es\" data-related=\"Informaci\u00f3n general:S\u00edguenos para que est\u00e9ss informado\"><\/a><\/div>\n<figure class=\"wp-block-image size-large\"><img loading=\"lazy\" decoding=\"async\" width=\"660\" height=\"330\" src=\"http:\/\/vertienteglobal.com\/wp-content\/uploads\/2021\/06\/whatsapp-smartphone-1-660x330-1.jpg\" alt=\"\" class=\"wp-image-181694\" srcset=\"http:\/\/vertienteglobal.com\/wp-content\/uploads\/2021\/06\/whatsapp-smartphone-1-660x330-1.jpg 660w, http:\/\/vertienteglobal.com\/wp-content\/uploads\/2021\/06\/whatsapp-smartphone-1-660x330-1-300x150.jpg 300w, http:\/\/vertienteglobal.com\/wp-content\/uploads\/2021\/06\/whatsapp-smartphone-1-660x330-1-150x75.jpg 150w\" sizes=\"auto, (max-width: 660px) 100vw, 660px\" \/><\/figure>\n\n\n\n<p>(Redacci\u00f3n)<\/p>\n\n\n\n<p><em><strong>Aseguraron que no pod\u00edan entrar a sus redes sociales o enviar mensajes<\/strong><\/em><\/p>\n\n\n\n<p>Ciudad de M\u00e9xico a 09 de junio de 2021.- La tarde del mi\u00e9rcoles 9 de junio miles de usuarios reportaron la ca\u00edda de las redes sociales Facebook, WhatsApp e Instagram, lo que los imposibilit\u00f3 entrar en comunicaci\u00f3n con sus contactos.<\/p>\n\n\n\n<p>De acuerdo al portal Downdetector, especializado en recabar reportes sobre fallas en diversas plataformas digitales, se\u00f1al\u00f3 que la ca\u00edda de las tres redes se produjo entre las 17:00 y las 18:00 horas.<\/p>\n\n\n\n<p>En el caso de WhatsApp, los usuarios reportaron fallas al momento de enviar o recibir mensajes, mientras que en Facebook o Instagram simplemente no pod\u00eda acceder a sus cuentas.<\/p>\n\n\n\n<p>Hasta el momento no se ha informado qu\u00e9 provoc\u00f3 las fallas de las tres plataformas. (Con informaci\u00f3n de Redes Sociales\/Televisa)<\/p>\n","protected":false},"excerpt":{"rendered":"<p>(Redacci\u00f3n) Aseguraron que no pod\u00edan entrar a sus redes sociales o enviar mensajes Ciudad de M\u00e9xico a 09 de junio de 2021.- La tarde del mi\u00e9rcoles 9 de junio miles de usuarios reportaron la ca\u00edda de las redes sociales Facebook, WhatsApp e Instagram, lo que los imposibilit\u00f3 entrar en comunicaci\u00f3n con sus contactos. De acuerdo [&hellip;]<\/p>\n","protected":false},"author":1,"featured_media":181694,"comment_status":"open","ping_status":"open","sticky":false,"template":"","format":"standard","meta":{"footnotes":""},"categories":[8],"tags":[],"class_list":["post-181693","post","type-post","status-publish","format-standard","has-post-thumbnail","hentry","category-pais","entry","has-media"],"jetpack_featured_media_url":"http:\/\/vertienteglobal.com\/wp-content\/uploads\/2021\/06\/whatsapp-smartphone-1-660x330-1.jpg","_links":{"self":[{"href":"http:\/\/vertienteglobal.com\/index.php?rest_route=\/wp\/v2\/posts\/181693","targetHints":{"allow":["GET"]}}],"collection":[{"href":"http:\/\/vertienteglobal.com\/index.php?rest_route=\/wp\/v2\/posts"}],"about":[{"href":"http:\/\/vertienteglobal.com\/index.php?rest_route=\/wp\/v2\/types\/post"}],"author":[{"embeddable":true,"href":"http:\/\/vertienteglobal.com\/index.php?rest_route=\/wp\/v2\/users\/1"}],"replies":[{"embeddable":true,"href":"http:\/\/vertienteglobal.com\/index.php?rest_route=%2Fwp%2Fv2%2Fcomments&post=181693"}],"version-history":[{"count":0,"href":"http:\/\/vertienteglobal.com\/index.php?rest_route=\/wp\/v2\/posts\/181693\/revisions"}],"wp:featuredmedia":[{"embeddable":true,"href":"http:\/\/vertienteglobal.com\/index.php?rest_route=\/wp\/v2\/media\/181694"}],"wp:attachment":[{"href":"http:\/\/vertienteglobal.com\/index.php?rest_route=%2Fwp%2Fv2%2Fmedia&parent=181693"}],"wp:term":[{"taxonomy":"category","embeddable":true,"href":"http:\/\/vertienteglobal.com\/index.php?rest_route=%2Fwp%2Fv2%2Fcategories&post=181693"},{"taxonomy":"post_tag","embeddable":true,"href":"http:\/\/vertienteglobal.com\/index.php?rest_route=%2Fwp%2Fv2%2Ftags&post=181693"}],"curies":[{"name":"wp","href":"https:\/\/api.w.org\/{rel}","templated":true}]}}