{"id":181541,"date":"2021-06-07T06:24:00","date_gmt":"2021-06-07T11:24:00","guid":{"rendered":"http:\/\/vertienteglobal.com\/?p=181541"},"modified":"2021-06-07T13:15:48","modified_gmt":"2021-06-07T18:15:48","slug":"aventajan-por-amplio-margen-los-candidatos-de-la-alianza-morena-pvem-pt-juan-carrillo-anahi-gonzalez-alberto-batun-y-laura-fernandez","status":"publish","type":"post","link":"http:\/\/vertienteglobal.com\/?p=181541","title":{"rendered":"Aventajan por amplio margen los candidatos de la alianza Morena-PVEM-PT, Juan Carrillo, Anah\u00ed Gonz\u00e1lez, Alberto Batun y Laura Fern\u00e1ndez"},"content":{"rendered":"\n<div class=\"twitterbutton\" style=\"float: right; padding-left: 5px;\"><a href=\"http:\/\/twitter.com\/share\" class=\"twitter-share-button\" data-count=\"horizontal\" data-text=\"Aventajan por amplio margen los candidatos de la alianza Morena-PVEM-PT, Juan Ca...\" data-via=\"https:\/\/twitter.com\/VertienteGloba1\" data-url=\"http:\/\/vertienteglobal.com\/?p=181541\" data-lang=\"es\" data-related=\"Informaci\u00f3n general:S\u00edguenos para que est\u00e9ss informado\"><\/a><\/div>\n<figure class=\"wp-block-image size-large\"><img loading=\"lazy\" decoding=\"async\" width=\"900\" height=\"500\" src=\"http:\/\/vertienteglobal.com\/wp-content\/uploads\/2021\/06\/diputados_federales.jpg\" alt=\"\" class=\"wp-image-181542\" srcset=\"http:\/\/vertienteglobal.com\/wp-content\/uploads\/2021\/06\/diputados_federales.jpg 900w, http:\/\/vertienteglobal.com\/wp-content\/uploads\/2021\/06\/diputados_federales-300x167.jpg 300w, http:\/\/vertienteglobal.com\/wp-content\/uploads\/2021\/06\/diputados_federales-150x83.jpg 150w, http:\/\/vertienteglobal.com\/wp-content\/uploads\/2021\/06\/diputados_federales-768x427.jpg 768w\" sizes=\"auto, (max-width: 900px) 100vw, 900px\" \/><\/figure>\n\n\n\n<p>(Redacci\u00f3n)<\/p>\n\n\n\n<p>La tendencia en Quintana Roo favorece de manera contundente a la alianza encabezada por el partido del Presidente Obrador<\/p>\n\n\n\n<p>Canc\u00fan, Quintana Roo a 07 de junio de 2021.- La alianza Morena-PVEM-PT arras\u00f3 en la contienda por las diputaciones federales en Quintana Roo al ganar c\u00f3modamente los cuatro curules en disputa, dejando en segundo lugar a la coalici\u00f3n opositora formada por el PAN, PRD y PRI.<\/p>\n\n\n\n<p>Y es que xon m\u00e1s del 45 por ciento de las actas capturadas, la tendencia en Quintana Roo favorece de manera contundente a la alianza encabezada por el partido del Presidente Obrador.<\/p>\n\n\n\n<p>En el Distrito 1, Juan Carrillo Soberanis, un priista de toda la vida que fue alcalde de Isla Mujeres durante dos periodos con los colores de este partido y que adem\u00e1s tiene el antecedente de haber sido uno de los borgistas m\u00e1s incondicionales, se perfilaba para ganar la diputaci\u00f3n federal por la alianza encabezada por Morena, a la cual se afili\u00f3 hace apenas unos meses.<\/p>\n\n\n\n<p>En este distrito, en segundo lugar quedar\u00eda Angy Estefania Mercado Asensio, candidata de la alianza PAN-PRI-PRD, y en tercero Alondra Margarita Name R\u00edos, del partido Fuerza por M\u00e9xico.<\/p>\n\n\n\n<p>M\u00e1s atr\u00e1s se ubican Rubi Daniel Montalvo Espinosa, de Movimiento Ciudadano; Joanna Contreras V\u00e1zquez, del PES; y Juan Carlos Cobos Alvarez, de Redes Sociales Progresistas.<\/p>\n\n\n\n<p>En el Distrito 2, Alma Anahi Gonz\u00e1lez Hern\u00e1ndez, una cancunense del grupo de Mara Lezama que toda la campa\u00f1a naveg\u00f3 contra corriente por su condici\u00f3n de \u2018for\u00e1nea\u2019, manten\u00eda una amplia ventaja cobijada por la marca Morena.<\/p>\n\n\n\n<p>En segundo lugar qued\u00f3 el priista Jos\u00e9 Alberto Alonso Ovando que fue postulado por la alianza PAN-PRI-PRD, dejando muy atr\u00e1s a Carlos Mario Villanueva Tenorio, de Fuerza por M\u00e9xico, Marisol Alamilla Betancourt de Redes Sociales Progresistas y V\u00edctor Manuel Zapata Vales, de Movimiento Ciudadano.<\/p>\n\n\n\n<p>En el Distrito 3, Wilbert Alberto Batun Chulim, de la alianza Morena-PVEM-PT, se quedar\u00eda con el triunfo, seguido de Eloy Peniche Ruiz, de la alianza PAN-PRI-PRD.<\/p>\n\n\n\n<p>M\u00e1s atr\u00e1s quedaron Humberto Obed Montiel Herrera, de Fuerza por M\u00e9xico; Gregorio S\u00e1nchez Mart\u00ednez, del PES; Mar\u00eda Teresa Paredes Hern\u00e1ndez, de Redes Sociales Progresistas, y Juan Jos\u00e9 Chil\u00f3n Colorado, de Movimiento Ciudadano.<\/p>\n\n\n\n<p>En el Distrito 4, la alcaldesa con licencia de Puerto Morelos, Laura Lynn Fern\u00e1ndez Pi\u00f1a, de la alianza PVEM-Morena-PT, manten\u00eda una c\u00f3moda ventaja por encima de Mar\u00eda del Carmen Joaqu\u00edn Hern\u00e1ndez, de la alianza PAN-PRI-PRD.<\/p>\n\n\n\n<p>Muy atr\u00e1s le segu\u00edan Urania Astudillo Mata, del partido Fuerza por M\u00e9xico; Joanna Mar\u00eda Guadalupe Guti\u00e9rrez Mart\u00ednez, del PES; Iris Jaqueline Avila Calder\u00f3n, de Redes Sociales Progresistas y Trixia Valle Herrera, de Movimiento Ciudadano.<\/p>\n","protected":false},"excerpt":{"rendered":"<p>(Redacci\u00f3n) La tendencia en Quintana Roo favorece de manera contundente a la alianza encabezada por el partido del Presidente Obrador Canc\u00fan, Quintana Roo a 07 de junio de 2021.- La alianza Morena-PVEM-PT arras\u00f3 en la contienda por las diputaciones federales en Quintana Roo al ganar c\u00f3modamente los cuatro curules en disputa, dejando en segundo lugar [&hellip;]<\/p>\n","protected":false},"author":1,"featured_media":181542,"comment_status":"open","ping_status":"open","sticky":false,"template":"","format":"standard","meta":{"footnotes":""},"categories":[3],"tags":[],"class_list":["post-181541","post","type-post","status-publish","format-standard","has-post-thumbnail","hentry","category-quintana-roo","entry","has-media"],"jetpack_featured_media_url":"http:\/\/vertienteglobal.com\/wp-content\/uploads\/2021\/06\/diputados_federales.jpg","_links":{"self":[{"href":"http:\/\/vertienteglobal.com\/index.php?rest_route=\/wp\/v2\/posts\/181541","targetHints":{"allow":["GET"]}}],"collection":[{"href":"http:\/\/vertienteglobal.com\/index.php?rest_route=\/wp\/v2\/posts"}],"about":[{"href":"http:\/\/vertienteglobal.com\/index.php?rest_route=\/wp\/v2\/types\/post"}],"author":[{"embeddable":true,"href":"http:\/\/vertienteglobal.com\/index.php?rest_route=\/wp\/v2\/users\/1"}],"replies":[{"embeddable":true,"href":"http:\/\/vertienteglobal.com\/index.php?rest_route=%2Fwp%2Fv2%2Fcomments&post=181541"}],"version-history":[{"count":0,"href":"http:\/\/vertienteglobal.com\/index.php?rest_route=\/wp\/v2\/posts\/181541\/revisions"}],"wp:featuredmedia":[{"embeddable":true,"href":"http:\/\/vertienteglobal.com\/index.php?rest_route=\/wp\/v2\/media\/181542"}],"wp:attachment":[{"href":"http:\/\/vertienteglobal.com\/index.php?rest_route=%2Fwp%2Fv2%2Fmedia&parent=181541"}],"wp:term":[{"taxonomy":"category","embeddable":true,"href":"http:\/\/vertienteglobal.com\/index.php?rest_route=%2Fwp%2Fv2%2Fcategories&post=181541"},{"taxonomy":"post_tag","embeddable":true,"href":"http:\/\/vertienteglobal.com\/index.php?rest_route=%2Fwp%2Fv2%2Ftags&post=181541"}],"curies":[{"name":"wp","href":"https:\/\/api.w.org\/{rel}","templated":true}]}}