{"id":181439,"date":"2021-06-05T17:24:00","date_gmt":"2021-06-05T22:24:00","guid":{"rendered":"http:\/\/vertienteglobal.com\/?p=181439"},"modified":"2021-06-05T18:27:34","modified_gmt":"2021-06-05T23:27:34","slug":"yucatan-extiende-su-conectividad-aerea-con-la-nueva-ruta-dallas-merida","status":"publish","type":"post","link":"http:\/\/vertienteglobal.com\/?p=181439","title":{"rendered":"Yucat\u00e1n extiende su conectividad a\u00e9rea con la nueva ruta Dallas-M\u00e9rida"},"content":{"rendered":"\n<div class=\"twitterbutton\" style=\"float: right; padding-left: 5px;\"><a href=\"http:\/\/twitter.com\/share\" class=\"twitter-share-button\" data-count=\"horizontal\" data-text=\"Yucat\u00e1n extiende su conectividad a\u00e9rea con la nueva ruta Dallas-M\u00e9rida\" data-via=\"https:\/\/twitter.com\/VertienteGloba1\" data-url=\"http:\/\/vertienteglobal.com\/?p=181439\" data-lang=\"es\" data-related=\"Informaci\u00f3n general:S\u00edguenos para que est\u00e9ss informado\"><\/a><\/div>\n<figure class=\"wp-block-image size-large\"><img loading=\"lazy\" decoding=\"async\" width=\"660\" height=\"330\" src=\"http:\/\/vertienteglobal.com\/wp-content\/uploads\/2021\/06\/IMG-20210605-WA0064-660x330-1.jpg\" alt=\"\" class=\"wp-image-181440\" srcset=\"http:\/\/vertienteglobal.com\/wp-content\/uploads\/2021\/06\/IMG-20210605-WA0064-660x330-1.jpg 660w, http:\/\/vertienteglobal.com\/wp-content\/uploads\/2021\/06\/IMG-20210605-WA0064-660x330-1-300x150.jpg 300w, http:\/\/vertienteglobal.com\/wp-content\/uploads\/2021\/06\/IMG-20210605-WA0064-660x330-1-150x75.jpg 150w\" sizes=\"auto, (max-width: 660px) 100vw, 660px\" \/><\/figure>\n\n\n\n<p>(Redacci\u00f3n)<\/p>\n\n\n\n<p>En representaci\u00f3n del Gobernador Mauricio Vila Dosal, la titular de la Secretar\u00eda de Fomento Tur\u00edstico (Sefotur), Michelle Fridman, recibi\u00f3 el primer vuelo de esta nueva conexi\u00f3n con los Estados Unidos<\/p>\n\n\n\n<p>Con esta nueva ruta, el estado incrementa a cuatro, las rutas que conectan a Yucat\u00e1n con ese pa\u00eds<\/p>\n\n\n\n<p>M\u00e9rida, Yucat\u00e1n, 5 de junio de 2021.- Con la nueva ruta Dallas-M\u00e9rida de la aerol\u00ednea American Airlines, Yucat\u00e1n incrementa su conectividad a\u00e9rea y se agrega como una oferta m\u00e1s para el mercado de Estados Unidos, que enlaza al estado con los centros de conexi\u00f3n a\u00e9reos m\u00e1s importantes del mundo.<\/p>\n\n\n\n<p>En representaci\u00f3n del Gobernador Mauricio Vila Dosal, la titular de la Secretar\u00eda de Fomento Tur\u00edstico (Sefotur), Michelle Fridman, junto con el gerente de Operaciones de American Airlines, Orlando Hope y el administrador del Aeropuerto Internacional de M\u00e9rida \u201cManuel Crescencio Rej\u00f3n\u201d, \u00d3scar Carrillo Maldonado, constat\u00f3 el aterrizaje del primer vuelo de esta ruta, con lo que el estado incrementa a cuatro las rutas que conectan a Yucat\u00e1n con los Estados Unidos.<\/p>\n\n\n\n<p>El tiempo de trayecto de esta ruta es de 2 horas con 40 minutos, en una aeronave EMBRAER 175 con 76 asientos y estar\u00e1 operando todos los s\u00e1bados con un horario de llegada a M\u00e9rida a las 13:39 horas y regresando a Dallas a las 14:25 horas a partir de este d\u00eda y hasta el 14 de agosto del presente a\u00f1o, dando un total de 11 vuelos redondos.<\/p>\n\n\n\n<p>Cabe destacar que, en lo que va de este a\u00f1o, Yucat\u00e1n ha incrementado el n\u00famero de destinos internacionales con los que tiene conectividad, al sumar las rutas de Dallas y Oakland a las de Miami tambi\u00e9n de American Airlines y Houston de Volaris, que se encuentran actualmente activas, dando como resultado la recuperaci\u00f3n de la conectividad internacional en un 100% y se espera la reactivaci\u00f3n de Canad\u00e1 y Cuba para reactivar tambi\u00e9n estas rutas.<\/p>\n\n\n\n<figure class=\"wp-block-image\"><img decoding=\"async\" src=\"https:\/\/www.yucatanalinstante.com\/wp-content\/uploads\/2021\/06\/IMG-20210605-WA0065.jpg\" alt=\"\" class=\"wp-image-335076\"\/><\/figure>\n\n\n\n<p>Hay que mencionar que, desde el inicio de la reactivaci\u00f3n econ\u00f3mica y tur\u00edstica en junio del a\u00f1o pasado, Yucat\u00e1n ha logrado la recuperaci\u00f3n de la conectividad nacional que supera el 69% con vuelos a Ciudad de M\u00e9xico, Guadalajara, Monterrey, Canc\u00fan, Tuxtla Guti\u00e9rrez, Veracruz, Villahermosa, Tijuana y Oaxaca, con un incremento global de asientos semanales de 75.4% respecto a febrero 2020.<\/p>\n\n\n\n<p>Con ello, el estado se consolida como destino tur\u00edstico al incrementar su conectividad a\u00e9rea, que se traduce en mayor atracci\u00f3n de turismo y derrama econ\u00f3mica en el estado.<\/p>\n\n\n\n<p>Al ceremonia de recibimiento del primer vuelo de esta ruta tambi\u00e9n asistieron el presidente del Consejo Empresarial Tur\u00edstico de Yucat\u00e1n (Cetur), Jorge Carrillo S\u00e1enz; la vicepresidenta del Centro Empresarial de M\u00e9rida de la Confederaci\u00f3n Patronal de la Rep\u00fablica Mexicana (Coparmex), Enna Aguiar Padr\u00f3n; el presidente local de la C\u00e1mara Nacional de la Industria Restaurantera y Alimentos Condimentados (Canirac), Roberto G. Cant\u00f3n Barros; y el presidente de la C\u00e1mara Nacional de Comercio, Servicios y Turismo (Canaco Servytur) de M\u00e9rida, Iv\u00e1n Rodr\u00edguez Gasque.<\/p>\n\n\n\n<p><\/p>\n","protected":false},"excerpt":{"rendered":"<p>(Redacci\u00f3n) En representaci\u00f3n del Gobernador Mauricio Vila Dosal, la titular de la Secretar\u00eda de Fomento Tur\u00edstico (Sefotur), Michelle Fridman, recibi\u00f3 el primer vuelo de esta nueva conexi\u00f3n con los Estados Unidos Con esta nueva ruta, el estado incrementa a cuatro, las rutas que conectan a Yucat\u00e1n con ese pa\u00eds M\u00e9rida, Yucat\u00e1n, 5 de junio de [&hellip;]<\/p>\n","protected":false},"author":1,"featured_media":181440,"comment_status":"open","ping_status":"open","sticky":false,"template":"","format":"standard","meta":{"footnotes":""},"categories":[2],"tags":[],"class_list":["post-181439","post","type-post","status-publish","format-standard","has-post-thumbnail","hentry","category-yucatan","entry","has-media"],"jetpack_featured_media_url":"http:\/\/vertienteglobal.com\/wp-content\/uploads\/2021\/06\/IMG-20210605-WA0064-660x330-1.jpg","_links":{"self":[{"href":"http:\/\/vertienteglobal.com\/index.php?rest_route=\/wp\/v2\/posts\/181439","targetHints":{"allow":["GET"]}}],"collection":[{"href":"http:\/\/vertienteglobal.com\/index.php?rest_route=\/wp\/v2\/posts"}],"about":[{"href":"http:\/\/vertienteglobal.com\/index.php?rest_route=\/wp\/v2\/types\/post"}],"author":[{"embeddable":true,"href":"http:\/\/vertienteglobal.com\/index.php?rest_route=\/wp\/v2\/users\/1"}],"replies":[{"embeddable":true,"href":"http:\/\/vertienteglobal.com\/index.php?rest_route=%2Fwp%2Fv2%2Fcomments&post=181439"}],"version-history":[{"count":0,"href":"http:\/\/vertienteglobal.com\/index.php?rest_route=\/wp\/v2\/posts\/181439\/revisions"}],"wp:featuredmedia":[{"embeddable":true,"href":"http:\/\/vertienteglobal.com\/index.php?rest_route=\/wp\/v2\/media\/181440"}],"wp:attachment":[{"href":"http:\/\/vertienteglobal.com\/index.php?rest_route=%2Fwp%2Fv2%2Fmedia&parent=181439"}],"wp:term":[{"taxonomy":"category","embeddable":true,"href":"http:\/\/vertienteglobal.com\/index.php?rest_route=%2Fwp%2Fv2%2Fcategories&post=181439"},{"taxonomy":"post_tag","embeddable":true,"href":"http:\/\/vertienteglobal.com\/index.php?rest_route=%2Fwp%2Fv2%2Ftags&post=181439"}],"curies":[{"name":"wp","href":"https:\/\/api.w.org\/{rel}","templated":true}]}}