{"id":181320,"date":"2021-06-04T11:53:00","date_gmt":"2021-06-04T16:53:00","guid":{"rendered":"http:\/\/vertienteglobal.com\/?p=181320"},"modified":"2021-06-04T13:56:26","modified_gmt":"2021-06-04T18:56:26","slug":"cartel-exige-a-candidatos-dejarse-de-mamadas-y-hacer-bien-las-cosas","status":"publish","type":"post","link":"http:\/\/vertienteglobal.com\/?p=181320","title":{"rendered":"C\u00e1rtel exige a candidatos dejarse de \u2018mamadas\u2019 y hacer bien las cosas\u2026"},"content":{"rendered":"\n<div class=\"twitterbutton\" style=\"float: right; padding-left: 5px;\"><a href=\"http:\/\/twitter.com\/share\" class=\"twitter-share-button\" data-count=\"horizontal\" data-text=\"C\u00e1rtel exige a candidatos dejarse de \u2018mamadas\u2019 y hacer bien las cosas\u2026\" data-via=\"https:\/\/twitter.com\/VertienteGloba1\" data-url=\"http:\/\/vertienteglobal.com\/?p=181320\" data-lang=\"es\" data-related=\"Informaci\u00f3n general:S\u00edguenos para que est\u00e9ss informado\"><\/a><\/div>\n<figure class=\"wp-block-image size-large\"><img loading=\"lazy\" decoding=\"async\" width=\"768\" height=\"432\" src=\"http:\/\/vertienteglobal.com\/wp-content\/uploads\/2021\/06\/3-3.jpeg\" alt=\"\" class=\"wp-image-181322\" srcset=\"http:\/\/vertienteglobal.com\/wp-content\/uploads\/2021\/06\/3-3.jpeg 768w, http:\/\/vertienteglobal.com\/wp-content\/uploads\/2021\/06\/3-3-300x169.jpeg 300w, http:\/\/vertienteglobal.com\/wp-content\/uploads\/2021\/06\/3-3-150x84.jpeg 150w\" sizes=\"auto, (max-width: 768px) 100vw, 768px\" \/><\/figure>\n\n\n\n<p>(Redacci\u00f3n)<\/p>\n\n\n\n<p>Por medio de un video que circula en redes sociales, se observan a 15 sujetos de esta organizaci\u00f3n, asentada en Veracruz, con armas largas, algunos con uniformes t\u00e1cticos, botas y cascos, mientras que el resto visten pantalones de mezclilla y tenis, pero todos llevan cubierta la cara con pasamonta\u00f1as y telas negras y blancas<\/p>\n\n\n\n<p><strong><br><\/strong>Veracruz, Veracruz, a 04 de junio de 2021.- Ante la ola de violencia presentada durante las campa\u00f1as electorales, la mano del narcotr\u00e1fico se ha manifestado por medio de ataques, \u201clevantones\u201d y hasta asesinatos. Sin embargo, el autodenominado Grupo Sombra se deslind\u00f3 de su participaci\u00f3n directa en este proceso iniciado desde septiembre de 2020.<\/p>\n\n\n\n<p>\u201cSomos integrantes del Grupo Sombra y el siguiente comunicado es para aclarar que nuestra organizaci\u00f3n no se ha inmiscuido en las campa\u00f1as electorales, para bien ni para mal\u201d, dice una voz gruesa y hueca, modificada por alguna aplicaci\u00f3n de audio para evitar ser identificada.<\/p>\n\n\n\n<p>Por medio de un video que circula en redes sociales, se observan a 15 sujetos de esta organizaci\u00f3n, asentada en Veracruz, con armas largas, algunos con uniformes t\u00e1cticos, botas y cascos, mientras que el resto visten pantalones de mezclilla y tenis, pero todos llevan cubierta la cara con pasamonta\u00f1as y telas negras y blancas.<video controls=\"\"><\/video><\/p>\n\n\n\n<p>La misma voz, que parece haber sido colocada en off, asegura que ninguna declaraci\u00f3n hecha por candidatos pol\u00edticos, quienes mencionaron ser amenazados por este grupo, es verdadera, pues ellos \u201cni siquiera los han molestado\u201d durante altas horas de la noche, cuando entregan apoyos a ciudadanos por sus votos.<\/p>\n\n\n\n<p>\u201cNosotros no hemos amenazado a candidatos ni a sus simpatizantes, pero una cosa les queremos dejar en claro y es que no permitiremos que sigan con sus mamadas como atentados y que est\u00e9n declarando que han sido amenazados o que han sido v\u00edctimas de alg\u00fan ataque por parte de nosotros cuando a altas horas de la noche los hemos observado entregar apoyos y ni siquiera los hemos molestado.<\/p>\n\n\n\n<p>Finalmente, les enviaron una \u201c\u00faltima llamada\u201d para evitar conflictos en la zona de Veracruz donde dominan, as\u00ed como otorgar supuestas falsas declaraciones en contra de Grupo Sombra, ya que en dado caso de repetirlas ser\u00e1n confrontados por ellos mismos sin temor y con las consecuencias que resulten al final.<\/p>\n\n\n\n<p>\u201cAs\u00ed que ll\u00e1mese candidatos o simpatizantes hagan las cosas bien, porque es la \u00faltima llamada y otra mamada por parte de ustedes y en realidad nos conocer\u00e1n frente a frente. Sobre aviso no hay enga\u00f1o. \u00daltima llamada. Esta zona del estado donde controlamos nosotros ha sido muy pac\u00edfica, no la quieran volver un desmadre por su ambici\u00f3n pol\u00edtica\u201d, sentenci\u00f3 la voz.<\/p>\n\n\n\n<p>El metraje, grabado con una c\u00e1mara est\u00e1tica, enfoca al grupo de hombres parados, sin hacer ning\u00fan movimiento, en una vereda probablemente cerca de la sierra de Veracruz, pues en el horizonte se observa una pared de \u00e1rboles y algunos cerros a lo lejos.<\/p>\n\n\n\n<p>Cabe recordar que Grupo Sombra se ha caracterizado por ser apegados a los pobladores del estado, al grado de entregar regalos a menores durante el D\u00eda del Ni\u00f1o, o cenas a familias enteras para Navidad.<\/p>\n\n\n\n<p>Su \u00faltimo acto registrado se dio el pasado 30 de abril, cuando obsequiaron juguetes, ofrecieron un show con payasos, pizza, dulces y recorrieron las calles de Tuxpan.<\/p>\n\n\n\n<p>Esta c\u00e9lula delictiva estuvo en la colonia Rafael Hern\u00e1ndez Ochoa, sin que ninguna autoridad policial impidiera sus regodeos durante al menos tres horas de una fiesta infame con vecinos y vecinas de la zona popular.<\/p>\n\n\n\n<p>Las im\u00e1genes fueron difundidas v\u00eda Facebook y por grupos de WhatsApp, pues padres y madres llevaron a los menores para que disfrutaran de un rato agradable patrocinado por delincuentes.<\/p>\n\n\n\n<p>Surgido en 2017 como un brazo armado del C\u00e1rtel del Golfo, quieren mantener la plaza y exponer su poder\u00edo para evitar la entrada del C\u00e1rtel Jalisco Nueva Generaci\u00f3n, del Golfo, los Zetas y su escisi\u00f3n denominada los Zetas Vieja Escuela, pues desde hace algunos a\u00f1os, Veracruz se convirti\u00f3 en una \u201ctierra de oportunidad\u201d para los criminales. Las luchas son por el control de la venta de drogas, el tr\u00e1fico de inmigrantes y la renta por el robo de combustible en ductos. (Fuente: infobae) <\/p>\n","protected":false},"excerpt":{"rendered":"<p>(Redacci\u00f3n) Por medio de un video que circula en redes sociales, se observan a 15 sujetos de esta organizaci\u00f3n, asentada en Veracruz, con armas largas, algunos con uniformes t\u00e1cticos, botas y cascos, mientras que el resto visten pantalones de mezclilla y tenis, pero todos llevan cubierta la cara con pasamonta\u00f1as y telas negras y blancas [&hellip;]<\/p>\n","protected":false},"author":1,"featured_media":181322,"comment_status":"open","ping_status":"open","sticky":false,"template":"","format":"standard","meta":{"footnotes":""},"categories":[7],"tags":[],"class_list":["post-181320","post","type-post","status-publish","format-standard","has-post-thumbnail","hentry","category-veracruz","entry","has-media"],"jetpack_featured_media_url":"http:\/\/vertienteglobal.com\/wp-content\/uploads\/2021\/06\/3-3.jpeg","_links":{"self":[{"href":"http:\/\/vertienteglobal.com\/index.php?rest_route=\/wp\/v2\/posts\/181320","targetHints":{"allow":["GET"]}}],"collection":[{"href":"http:\/\/vertienteglobal.com\/index.php?rest_route=\/wp\/v2\/posts"}],"about":[{"href":"http:\/\/vertienteglobal.com\/index.php?rest_route=\/wp\/v2\/types\/post"}],"author":[{"embeddable":true,"href":"http:\/\/vertienteglobal.com\/index.php?rest_route=\/wp\/v2\/users\/1"}],"replies":[{"embeddable":true,"href":"http:\/\/vertienteglobal.com\/index.php?rest_route=%2Fwp%2Fv2%2Fcomments&post=181320"}],"version-history":[{"count":0,"href":"http:\/\/vertienteglobal.com\/index.php?rest_route=\/wp\/v2\/posts\/181320\/revisions"}],"wp:featuredmedia":[{"embeddable":true,"href":"http:\/\/vertienteglobal.com\/index.php?rest_route=\/wp\/v2\/media\/181322"}],"wp:attachment":[{"href":"http:\/\/vertienteglobal.com\/index.php?rest_route=%2Fwp%2Fv2%2Fmedia&parent=181320"}],"wp:term":[{"taxonomy":"category","embeddable":true,"href":"http:\/\/vertienteglobal.com\/index.php?rest_route=%2Fwp%2Fv2%2Fcategories&post=181320"},{"taxonomy":"post_tag","embeddable":true,"href":"http:\/\/vertienteglobal.com\/index.php?rest_route=%2Fwp%2Fv2%2Ftags&post=181320"}],"curies":[{"name":"wp","href":"https:\/\/api.w.org\/{rel}","templated":true}]}}