{"id":181060,"date":"2021-05-27T22:24:00","date_gmt":"2021-05-28T03:24:00","guid":{"rendered":"http:\/\/vertienteglobal.com\/?p=181060"},"modified":"2021-05-28T07:58:30","modified_gmt":"2021-05-28T12:58:30","slug":"a-partir-de-la-semana-proxima-habra-acciones-preventivas-mas-energicas-para-frenar-contagios-en-quintana-roo-carlos-joaquin","status":"publish","type":"post","link":"http:\/\/vertienteglobal.com\/?p=181060","title":{"rendered":"A partir de la semana pr\u00f3xima habr\u00e1 acciones preventivas m\u00e1s en\u00e9rgicas para frenar contagios en Quintana Roo: Carlos Joaqu\u00edn"},"content":{"rendered":"\n<div class=\"twitterbutton\" style=\"float: right; padding-left: 5px;\"><a href=\"http:\/\/twitter.com\/share\" class=\"twitter-share-button\" data-count=\"horizontal\" data-text=\"A partir de la semana pr\u00f3xima habr\u00e1 acciones preventivas m\u00e1s en\u00e9rgicas para ...\" data-via=\"https:\/\/twitter.com\/VertienteGloba1\" data-url=\"http:\/\/vertienteglobal.com\/?p=181060\" data-lang=\"es\" data-related=\"Informaci\u00f3n general:S\u00edguenos para que est\u00e9ss informado\"><\/a><\/div>\n<figure class=\"wp-block-image size-large\"><img loading=\"lazy\" decoding=\"async\" width=\"1024\" height=\"682\" src=\"http:\/\/vertienteglobal.com\/wp-content\/uploads\/2021\/05\/20210527_232108-1024x682.jpg\" alt=\"\" class=\"wp-image-181061\" srcset=\"http:\/\/vertienteglobal.com\/wp-content\/uploads\/2021\/05\/20210527_232108-1024x682.jpg 1024w, http:\/\/vertienteglobal.com\/wp-content\/uploads\/2021\/05\/20210527_232108-300x200.jpg 300w, http:\/\/vertienteglobal.com\/wp-content\/uploads\/2021\/05\/20210527_232108-150x100.jpg 150w, http:\/\/vertienteglobal.com\/wp-content\/uploads\/2021\/05\/20210527_232108-768x512.jpg 768w, http:\/\/vertienteglobal.com\/wp-content\/uploads\/2021\/05\/20210527_232108.jpg 1280w\" sizes=\"auto, (max-width: 1024px) 100vw, 1024px\" \/><\/figure>\n\n\n\n<p>(Redacci\u00f3n)<\/p>\n\n\n\n<p>El estado de QuintanaRoo estar\u00e1 en sem\u00e1foro naranja del 31 de mayo al 6 de junio. Ser\u00e1 una semana decisiva, estamos en una curva ascendente de contagios, la m\u00e1s alta que hemos tenido y que solo con la suma de esfuerzos y corresponsabilidad de todas y todos podremos disminuir<\/p>\n\n\n\n<p>Canc\u00fan, Quintana Roo a 27de mayo de 2021.- El gobernador Carlos Joaqu\u00edn inform\u00f3 hoy que a partir de la pr\u00f3xima semana entrar\u00e1n en vigor acciones preventivas mucho m\u00e1s firmes para frenar las curvas de contagio por covid-19 y cuidar la econom\u00eda y la recuperaci\u00f3n de los empleos.<\/p>\n\n\n\n<p>Estas medidas, que ser\u00e1n anunciadas este viernes, tienen relaci\u00f3n con la limitaci\u00f3n en el horario de cierre de todos los establecimientos del estado, los aforos hacia el interior de los negocios y espacios, el cierre de vialidades en horas de las noches y de las ma\u00f1anas.<\/p>\n\n\n\n<p>Asimismo, disposiciones destinadas a todas las dependencias, instituciones y organismos del Poder Ejecutivo.<\/p>\n\n\n\n<p>La idea, explic\u00f3 Carlos Joaqu\u00edn, es cuidar la salud sin perder la posibilidad de recuperar la econom\u00eda y los empleos. Todas y todos debemos tomar con responsabilidad esta situaci\u00f3n.<\/p>\n\n\n\n<p>Durante el programa Conexi\u00f3n Ciudadana, que se transmiti\u00f3 por el Sistema Quintanarroense de Comunicaci\u00f3n Social y las redes de la Coordinaci\u00f3n General de Comunicaci\u00f3n el titular del Ejecutivo hizo un llamado respetuoso a todas y todos los empresarios, peque\u00f1os, medianos y grandes, a reforzar el uso de protocolos y aforos para cuidar la salud de colaboradores, clientes y familias.<\/p>\n\n\n\n<p>\u201cEste es un aviso en un momento cr\u00edtico. Habr\u00e1 mayor firmeza en las acciones en todas las \u00e1reas\u201d explic\u00f3 Carlos Joaqu\u00edn.<\/p>\n\n\n\n<p>Carlos Joaqu\u00edn dio a conocer que el Sem\u00e1foro Epidemiol\u00f3gico Estatal se mantendr\u00e1 en naranja tanto en la zona norte como en el sur del 31 de mayo al 6 de junio pr\u00f3ximos.<\/p>\n\n\n\n<p>En la zona norte se tiene una tasa de contagio de 1.14, ocupaci\u00f3n hospitalaria del 25% y ocupaci\u00f3n de camas con ventilador el 20%.<\/p>\n\n\n\n<p>En la regi\u00f3n sur, la tasa de contagios es de 1.06, ocupaci\u00f3n hospitalaria del 6% y ocupaci\u00f3n de camas con ventilador el 18%.<\/p>\n\n\n\n<p>Carlos Joaqu\u00edn explic\u00f3 que el comportamiento en el riesgo de contagio ha tenido una variaci\u00f3n importante en el estado.<\/p>\n\n\n\n<p>En el periodo de abril a mayo el mayor n\u00famero de contagiados son de entre 24 y 26 a\u00f1os de edad, pero el rango se extiende hasta los 46 a\u00f1os. Los j\u00f3venes son quienes normalmente no tienen s\u00edntomas y tienen menor grado de hospitalizaci\u00f3n.<\/p>\n\n\n\n<p>Esto explica por qu\u00e9 hay mayor n\u00famero de contagios y menor ocupaci\u00f3n hospitalaria.<\/p>\n\n\n\n<p>El riesgo en mayor de 60 a\u00f1os disminuy\u00f3 considerablemente, lo que significa que la vacunaci\u00f3n funciona.<\/p>\n\n\n\n<p>En cuanto a las gr\u00e1ficas del comportamiento de contagios, durante la semana pasada Puerto Morelos disminuy\u00f3 75%, L\u00e1zaro C\u00e1rdenas el 25% y Oth\u00f3n P. Blanco el 4%.<\/p>\n\n\n\n<p>Jos\u00e9 Mar\u00eda Morelos aument\u00f3 26%, Benito Ju\u00e1rez el 31% que representa el mayor incremento hist\u00f3rico que ha tenido este municipio desde que inici\u00f3 la pandemia, Tulum el 36%, Isla Mujeres el 47%, Bacalar el 54%, Cozumel el 87%, Solidaridad el 99% y Felipe Carrillo Puerto el 200%.<\/p>\n","protected":false},"excerpt":{"rendered":"<p>(Redacci\u00f3n) El estado de QuintanaRoo estar\u00e1 en sem\u00e1foro naranja del 31 de mayo al 6 de junio. Ser\u00e1 una semana decisiva, estamos en una curva ascendente de contagios, la m\u00e1s alta que hemos tenido y que solo con la suma de esfuerzos y corresponsabilidad de todas y todos podremos disminuir Canc\u00fan, Quintana Roo a 27de [&hellip;]<\/p>\n","protected":false},"author":1,"featured_media":181061,"comment_status":"open","ping_status":"open","sticky":false,"template":"","format":"standard","meta":{"footnotes":""},"categories":[3],"tags":[],"class_list":["post-181060","post","type-post","status-publish","format-standard","has-post-thumbnail","hentry","category-quintana-roo","entry","has-media"],"jetpack_featured_media_url":"http:\/\/vertienteglobal.com\/wp-content\/uploads\/2021\/05\/20210527_232108.jpg","_links":{"self":[{"href":"http:\/\/vertienteglobal.com\/index.php?rest_route=\/wp\/v2\/posts\/181060","targetHints":{"allow":["GET"]}}],"collection":[{"href":"http:\/\/vertienteglobal.com\/index.php?rest_route=\/wp\/v2\/posts"}],"about":[{"href":"http:\/\/vertienteglobal.com\/index.php?rest_route=\/wp\/v2\/types\/post"}],"author":[{"embeddable":true,"href":"http:\/\/vertienteglobal.com\/index.php?rest_route=\/wp\/v2\/users\/1"}],"replies":[{"embeddable":true,"href":"http:\/\/vertienteglobal.com\/index.php?rest_route=%2Fwp%2Fv2%2Fcomments&post=181060"}],"version-history":[{"count":0,"href":"http:\/\/vertienteglobal.com\/index.php?rest_route=\/wp\/v2\/posts\/181060\/revisions"}],"wp:featuredmedia":[{"embeddable":true,"href":"http:\/\/vertienteglobal.com\/index.php?rest_route=\/wp\/v2\/media\/181061"}],"wp:attachment":[{"href":"http:\/\/vertienteglobal.com\/index.php?rest_route=%2Fwp%2Fv2%2Fmedia&parent=181060"}],"wp:term":[{"taxonomy":"category","embeddable":true,"href":"http:\/\/vertienteglobal.com\/index.php?rest_route=%2Fwp%2Fv2%2Fcategories&post=181060"},{"taxonomy":"post_tag","embeddable":true,"href":"http:\/\/vertienteglobal.com\/index.php?rest_route=%2Fwp%2Fv2%2Ftags&post=181060"}],"curies":[{"name":"wp","href":"https:\/\/api.w.org\/{rel}","templated":true}]}}