{"id":180885,"date":"2021-05-25T13:50:59","date_gmt":"2021-05-25T18:50:59","guid":{"rendered":"http:\/\/vertienteglobal.com\/?p=180885"},"modified":"2021-05-25T17:06:26","modified_gmt":"2021-05-25T22:06:26","slug":"francisco-garcia-cabeza-de-vaca-gobernador-de-tamaulipas-obtiene-amparo-provisional-contra-orden-de-aprehension","status":"publish","type":"post","link":"http:\/\/vertienteglobal.com\/?p=180885","title":{"rendered":"Francisco Garcia Cabeza de Vaca gobernador de Tamaulipas, obtiene amparo provisional contra orden de aprehensi\u00f3n"},"content":{"rendered":"\n<div class=\"twitterbutton\" style=\"float: right; padding-left: 5px;\"><a href=\"http:\/\/twitter.com\/share\" class=\"twitter-share-button\" data-count=\"horizontal\" data-text=\"Francisco Garcia Cabeza de Vaca gobernador de Tamaulipas, obtiene amparo provisi...\" data-via=\"https:\/\/twitter.com\/VertienteGloba1\" data-url=\"http:\/\/vertienteglobal.com\/?p=180885\" data-lang=\"es\" data-related=\"Informaci\u00f3n general:S\u00edguenos para que est\u00e9ss informado\"><\/a><\/div>\n<figure class=\"wp-block-image size-large\"><img loading=\"lazy\" decoding=\"async\" width=\"575\" height=\"324\" src=\"http:\/\/vertienteglobal.com\/wp-content\/uploads\/2021\/05\/f925x521-375382_444246_5050.jpg\" alt=\"\" class=\"wp-image-180886\" srcset=\"http:\/\/vertienteglobal.com\/wp-content\/uploads\/2021\/05\/f925x521-375382_444246_5050.jpg 575w, http:\/\/vertienteglobal.com\/wp-content\/uploads\/2021\/05\/f925x521-375382_444246_5050-300x169.jpg 300w, http:\/\/vertienteglobal.com\/wp-content\/uploads\/2021\/05\/f925x521-375382_444246_5050-150x85.jpg 150w\" sizes=\"auto, (max-width: 575px) 100vw, 575px\" \/><\/figure>\n\n\n\n<p>(Redacci\u00f3n)<\/p>\n\n\n\n<p>Este amparo provisional ha sido concedido en tanto la Suprema Corte de Justicia de la Naci\u00f3n resuelva la nueva controversia constitucional presentada por el Congreso de Tamaulipas<\/p>\n\n\n\n<p>Ciudad de M\u00e9xico a 25 de mayo de 2021.- El Juez Octavo de Distrito concedi\u00f3 un amparo provisional al gobernador Francisco Garc\u00eda Cabeza de Vaca en contra de la orden de aprehensi\u00f3n obtenida por la Fiscal\u00eda General de la Rep\u00fablica.<\/p>\n\n\n\n<p>Y eso que la Fiscal\u00eda General de la Rep\u00fablica obtuvo una nueva orden de aprehensi\u00f3n contra Garc\u00eda Cabeza de Vaca por los delitos de delincuencia organizada y lavado de dinero.<\/p>\n\n\n\n<p>Este amparo provisional ha sido concedido en tanto la Suprema Corte de Justicia de la Naci\u00f3n resuelva la nueva controversia constitucional presentada por el Congreso de Tamaulipas.<\/p>\n\n\n\n<p>Una vez m\u00e1s se instal\u00f3 a fuera de Casa Tamaulipas una Oficial\u00eda de Partes del Gobierno del Estado en caso de que se entregue la orden de aprehensi\u00f3n en contra del gobernador Francisco Garc\u00eda Cabeza de Vaca.<\/p>\n\n\n\n<p>Durante el pasado fin de semana el m\u00f3dulo fue retirado debido a que la lluvia y vientos los derribaron.<\/p>\n\n\n\n<p>Otra vez en prevenci\u00f3n a recibir una notificaci\u00f3n de la orden de detenci\u00f3n al exterior de la residencia oficial se coloc\u00f3 una Oficial\u00eda de Partes.<\/p>\n\n\n\n<p>Gobernador trabaja normal<\/p>\n\n\n\n<p>Desde temprana hora personal de la administraci\u00f3n estatal instal\u00f3 un told\u00f3, mesa, sillas y un letrero en el cual se lee Oficial\u00eda de Partes.<\/p>\n\n\n\n<p>En cualquier momento personal de la Fiscal\u00eda General de la Rep\u00fablica se pudiera hacer presente en Casa Tamaulipas para hacer entrega de la notificaci\u00f3n de la orden de detenci\u00f3n.<\/p>\n\n\n\n<p>Mientras tanto en Palacio de Gobierno, la torre bicentenario y otras sedes de las dependencias gubernamentales la actividad es normal.<\/p>\n\n\n\n<p>En Casa Tamaulipas el gobernador Francisco Garc\u00eda Cabeza de Vaca contin\u00faa despachando con normalidad sosteniendo reuniones con miembros de su gabinete.<\/p>\n\n\n\n<p>En tanto un nutrido grupo de informadores hacen guardia, en la puerta principal de Casa Tamaulipas.<\/p>\n\n\n\n<p>Ante la cantidad de reporteros al exterior de la casa y como medida de seguridad la calle lateral dela avenida Tamaulipas en donde se encuentra la residencia fue cerrada al tr\u00e1fico vehicular.<\/p>\n\n\n\n<p>Por otra parte, la vida en la capital de Tamaulipas transcurre con toda normalidad y tranquilidad si que est\u00e1 situaci\u00f3n despierta inter\u00e9s de los ciudadanos. (Fuente: El Heraldo de M\u00e9xico)<\/p>\n","protected":false},"excerpt":{"rendered":"<p>(Redacci\u00f3n) Este amparo provisional ha sido concedido en tanto la Suprema Corte de Justicia de la Naci\u00f3n resuelva la nueva controversia constitucional presentada por el Congreso de Tamaulipas Ciudad de M\u00e9xico a 25 de mayo de 2021.- El Juez Octavo de Distrito concedi\u00f3 un amparo provisional al gobernador Francisco Garc\u00eda Cabeza de Vaca en contra [&hellip;]<\/p>\n","protected":false},"author":1,"featured_media":180886,"comment_status":"open","ping_status":"open","sticky":false,"template":"","format":"standard","meta":{"footnotes":""},"categories":[8],"tags":[],"class_list":["post-180885","post","type-post","status-publish","format-standard","has-post-thumbnail","hentry","category-pais","entry","has-media"],"jetpack_featured_media_url":"http:\/\/vertienteglobal.com\/wp-content\/uploads\/2021\/05\/f925x521-375382_444246_5050.jpg","_links":{"self":[{"href":"http:\/\/vertienteglobal.com\/index.php?rest_route=\/wp\/v2\/posts\/180885","targetHints":{"allow":["GET"]}}],"collection":[{"href":"http:\/\/vertienteglobal.com\/index.php?rest_route=\/wp\/v2\/posts"}],"about":[{"href":"http:\/\/vertienteglobal.com\/index.php?rest_route=\/wp\/v2\/types\/post"}],"author":[{"embeddable":true,"href":"http:\/\/vertienteglobal.com\/index.php?rest_route=\/wp\/v2\/users\/1"}],"replies":[{"embeddable":true,"href":"http:\/\/vertienteglobal.com\/index.php?rest_route=%2Fwp%2Fv2%2Fcomments&post=180885"}],"version-history":[{"count":0,"href":"http:\/\/vertienteglobal.com\/index.php?rest_route=\/wp\/v2\/posts\/180885\/revisions"}],"wp:featuredmedia":[{"embeddable":true,"href":"http:\/\/vertienteglobal.com\/index.php?rest_route=\/wp\/v2\/media\/180886"}],"wp:attachment":[{"href":"http:\/\/vertienteglobal.com\/index.php?rest_route=%2Fwp%2Fv2%2Fmedia&parent=180885"}],"wp:term":[{"taxonomy":"category","embeddable":true,"href":"http:\/\/vertienteglobal.com\/index.php?rest_route=%2Fwp%2Fv2%2Fcategories&post=180885"},{"taxonomy":"post_tag","embeddable":true,"href":"http:\/\/vertienteglobal.com\/index.php?rest_route=%2Fwp%2Fv2%2Ftags&post=180885"}],"curies":[{"name":"wp","href":"https:\/\/api.w.org\/{rel}","templated":true}]}}