{"id":180860,"date":"2021-05-24T17:50:00","date_gmt":"2021-05-24T22:50:00","guid":{"rendered":"http:\/\/vertienteglobal.com\/?p=180860"},"modified":"2021-05-24T21:59:06","modified_gmt":"2021-05-25T02:59:06","slug":"preve-cptq-alto-arribo-de-turismo-espanol-para-el-verano-en-quintana-roo","status":"publish","type":"post","link":"http:\/\/vertienteglobal.com\/?p=180860","title":{"rendered":"Prev\u00e9 CPTQ alto arribo de turismo espa\u00f1ol para el verano en Quintana Roo"},"content":{"rendered":"\n<div class=\"twitterbutton\" style=\"float: right; padding-left: 5px;\"><a href=\"http:\/\/twitter.com\/share\" class=\"twitter-share-button\" data-count=\"horizontal\" data-text=\"Prev\u00e9 CPTQ alto arribo de turismo espa\u00f1ol para el verano en Quintana Roo\" data-via=\"https:\/\/twitter.com\/VertienteGloba1\" data-url=\"http:\/\/vertienteglobal.com\/?p=180860\" data-lang=\"es\" data-related=\"Informaci\u00f3n general:S\u00edguenos para que est\u00e9ss informado\"><\/a><\/div>\n<figure class=\"wp-block-image size-large\"><img loading=\"lazy\" decoding=\"async\" width=\"768\" height=\"512\" src=\"http:\/\/vertienteglobal.com\/wp-content\/uploads\/2021\/05\/hotel-dreams-tulum-resort-and-spa-1152x768-1-768x512-1.jpg\" alt=\"\" class=\"wp-image-180862\" srcset=\"http:\/\/vertienteglobal.com\/wp-content\/uploads\/2021\/05\/hotel-dreams-tulum-resort-and-spa-1152x768-1-768x512-1.jpg 768w, http:\/\/vertienteglobal.com\/wp-content\/uploads\/2021\/05\/hotel-dreams-tulum-resort-and-spa-1152x768-1-768x512-1-300x200.jpg 300w, http:\/\/vertienteglobal.com\/wp-content\/uploads\/2021\/05\/hotel-dreams-tulum-resort-and-spa-1152x768-1-768x512-1-150x100.jpg 150w\" sizes=\"auto, (max-width: 768px) 100vw, 768px\" \/><\/figure>\n\n\n\n<p>(Redacci\u00f3n)<\/p>\n\n\n\n<p>Indic\u00f3 que tuvieron una agenda muy completa en la Fitur con vistas a la temporada de verano, la cual vendr\u00e1 bastante fuerte en lo que se refiere al turismo espa\u00f1ol, con cuatro aerol\u00edneas que operar\u00e1n, de manera simult\u00e1nea, vuelos directos a Canc\u00fan<\/p>\n\n\n\n<p>Canc\u00fan, Quintana Roo, a 24 de mayo de 2021.- Dar\u00edo Flota Ocampo, director del Consejo de Promoci\u00f3n Tur\u00edstica (CPTQ), se\u00f1al\u00f3 que la Feria Internacional de Turismo (Fitur), efectuada en Madrid, Espa\u00f1a, fue provechosa para el destino, pues, entre otras cosas, se enfocaron en el mercado espa\u00f1ol, uno de los principales para Quintana Roo, con buenos resultados en conectividad y reservaciones.<\/p>\n\n\n\n<p>Asimismo, indic\u00f3 que tuvieron una agenda muy completa en la Fitur con vistas a la temporada de verano, la cual vendr\u00e1 bastante fuerte en lo que se refiere al turismo espa\u00f1ol, con cuatro aerol\u00edneas que operar\u00e1n, de manera simult\u00e1nea, vuelos directos a Canc\u00fan.<\/p>\n\n\n\n<p>De hecho, asegur\u00f3 que en unas semanas vendr\u00e1 la Word Fly, de reciente creaci\u00f3n, que volar\u00e1 con aviones nuevos en la ruta Madrid-Canc\u00fan y, a partir del 2 de junio, arribar\u00e1 otro vuelo procedente de Barcelona.<\/p>\n\n\n\n<p>\u201cEl espa\u00f1ol es uno de los mercados europeos m\u00e1s importantes para el Caribe Mexicano. Para darnos una idea, antes de la pandemia, en 2019, llegaron poco m\u00e1s de 180 mil turistas espa\u00f1oles. La reactivaci\u00f3n del mercado dar\u00e1 impulso, sobre todo en la Riviera Maya, que es la zona que m\u00e1s buscan, con estancias prolongadas\u201d, abund\u00f3.<\/p>\n\n\n\n<p>En entrevista para Radio F\u00f3rmula, explic\u00f3 que, tambi\u00e9n a corto plazo, trabajar\u00e1n en la recuperaci\u00f3n del turismo de congreso y convenciones, que provee buen n\u00famero de visitantes de septiembre a noviembre, pero para eso ser\u00e1 importante que el Estado avance en el sem\u00e1foro epidemiol\u00f3gico estatal.<\/p>\n\n\n\n<p>\u201cEs aqu\u00ed cuando decimos que todos debemos hacer nuestra parte en el cuidado de los buenos h\u00e1bitos de salud, como usar cubrebocas correctamente, guardar la sana distancia, lavado frecuente de manos y empleo de gel antibacterial, entre otras medidas\u201d, indic\u00f3.<\/p>\n\n\n\n<p>Tambi\u00e9n dijo que durante el evento tuvo la oportunidad de participar en un foro en el que habl\u00f3 de lo que ha hecho el Caribe Mexicano para alcanzar una pronta recuperaci\u00f3n econ\u00f3mica, cuando hay destinos que todav\u00eda est\u00e1n en planes para reabrir.<\/p>\n\n\n\n<p>\u201cEl Caribe Mexicano est\u00e1 siendo visto como ejemplo para otros destinos sobre lo que hay que hacer en esta recuperaci\u00f3n econ\u00f3mica\u201d, a\u00f1adi\u00f3.<\/p>\n","protected":false},"excerpt":{"rendered":"<p>(Redacci\u00f3n) Indic\u00f3 que tuvieron una agenda muy completa en la Fitur con vistas a la temporada de verano, la cual vendr\u00e1 bastante fuerte en lo que se refiere al turismo espa\u00f1ol, con cuatro aerol\u00edneas que operar\u00e1n, de manera simult\u00e1nea, vuelos directos a Canc\u00fan Canc\u00fan, Quintana Roo, a 24 de mayo de 2021.- Dar\u00edo Flota Ocampo, [&hellip;]<\/p>\n","protected":false},"author":1,"featured_media":180862,"comment_status":"open","ping_status":"open","sticky":false,"template":"","format":"standard","meta":{"footnotes":""},"categories":[3],"tags":[],"class_list":["post-180860","post","type-post","status-publish","format-standard","has-post-thumbnail","hentry","category-quintana-roo","entry","has-media"],"jetpack_featured_media_url":"http:\/\/vertienteglobal.com\/wp-content\/uploads\/2021\/05\/hotel-dreams-tulum-resort-and-spa-1152x768-1-768x512-1.jpg","_links":{"self":[{"href":"http:\/\/vertienteglobal.com\/index.php?rest_route=\/wp\/v2\/posts\/180860","targetHints":{"allow":["GET"]}}],"collection":[{"href":"http:\/\/vertienteglobal.com\/index.php?rest_route=\/wp\/v2\/posts"}],"about":[{"href":"http:\/\/vertienteglobal.com\/index.php?rest_route=\/wp\/v2\/types\/post"}],"author":[{"embeddable":true,"href":"http:\/\/vertienteglobal.com\/index.php?rest_route=\/wp\/v2\/users\/1"}],"replies":[{"embeddable":true,"href":"http:\/\/vertienteglobal.com\/index.php?rest_route=%2Fwp%2Fv2%2Fcomments&post=180860"}],"version-history":[{"count":0,"href":"http:\/\/vertienteglobal.com\/index.php?rest_route=\/wp\/v2\/posts\/180860\/revisions"}],"wp:featuredmedia":[{"embeddable":true,"href":"http:\/\/vertienteglobal.com\/index.php?rest_route=\/wp\/v2\/media\/180862"}],"wp:attachment":[{"href":"http:\/\/vertienteglobal.com\/index.php?rest_route=%2Fwp%2Fv2%2Fmedia&parent=180860"}],"wp:term":[{"taxonomy":"category","embeddable":true,"href":"http:\/\/vertienteglobal.com\/index.php?rest_route=%2Fwp%2Fv2%2Fcategories&post=180860"},{"taxonomy":"post_tag","embeddable":true,"href":"http:\/\/vertienteglobal.com\/index.php?rest_route=%2Fwp%2Fv2%2Ftags&post=180860"}],"curies":[{"name":"wp","href":"https:\/\/api.w.org\/{rel}","templated":true}]}}