{"id":180672,"date":"2021-05-12T20:01:49","date_gmt":"2021-05-13T01:01:49","guid":{"rendered":"http:\/\/vertienteglobal.com\/?p=180672"},"modified":"2021-05-14T13:03:55","modified_gmt":"2021-05-14T18:03:55","slug":"sedena-activara-plan-dn-iii-en-yucatan-quintana-roo-y-campeche-por-adelanto-de-temporada-ciclonica","status":"publish","type":"post","link":"http:\/\/vertienteglobal.com\/?p=180672","title":{"rendered":"Sedena activar\u00e1 Plan DN-III en Yucat\u00e1n, Quintana Roo y Campeche, por adelanto de temporada cicl\u00f3nica"},"content":{"rendered":"\n<div class=\"twitterbutton\" style=\"float: right; padding-left: 5px;\"><a href=\"http:\/\/twitter.com\/share\" class=\"twitter-share-button\" data-count=\"horizontal\" data-text=\"Sedena activar\u00e1 Plan DN-III en Yucat\u00e1n, Quintana Roo y Campeche, por adelanto ...\" data-via=\"https:\/\/twitter.com\/VertienteGloba1\" data-url=\"http:\/\/vertienteglobal.com\/?p=180672\" data-lang=\"es\" data-related=\"Informaci\u00f3n general:S\u00edguenos para que est\u00e9ss informado\"><\/a><\/div>\n<figure class=\"wp-block-image size-large\"><img loading=\"lazy\" decoding=\"async\" width=\"900\" height=\"504\" src=\"http:\/\/vertienteglobal.com\/wp-content\/uploads\/2021\/05\/images-2021-05-12T145930.719.jpg\" alt=\"\" class=\"wp-image-180673\" srcset=\"http:\/\/vertienteglobal.com\/wp-content\/uploads\/2021\/05\/images-2021-05-12T145930.719.jpg 900w, http:\/\/vertienteglobal.com\/wp-content\/uploads\/2021\/05\/images-2021-05-12T145930.719-300x168.jpg 300w, http:\/\/vertienteglobal.com\/wp-content\/uploads\/2021\/05\/images-2021-05-12T145930.719-150x84.jpg 150w, http:\/\/vertienteglobal.com\/wp-content\/uploads\/2021\/05\/images-2021-05-12T145930.719-768x430.jpg 768w\" sizes=\"auto, (max-width: 900px) 100vw, 900px\" \/><\/figure>\n\n\n\n<p>(Redacci\u00f3n)<\/p>\n\n\n\n<p>Cresencio Sandoval, titular de la Sedena inform\u00f3 que comenzar\u00e1n a partir de este 15 de mayo a organizar cinco fuerzas de tarea locales a nivel nacional, asimismo explic\u00f3 que el plan DN-III tiene tres fases: preventiva, de auxilio y recuperaci\u00f3n<\/p>\n\n\n\n<p>Ciudad de M\u00e9xico a 12 de mayo de 2021.- La Comisi\u00f3n Nacional del Agua (Conagua) ha confirmado el adelanto de la temporada cicl\u00f3nica y de huracanes en M\u00e9xico, por lo que este d\u00eda la Secretar\u00eda de la Defensa Nacional (Sedena) dio a conocer que ya comenzar\u00e1 a aplicarse el Plan DN-III en su fase preventiva en los tres estados de la pen\u00ednsula de Yucat\u00e1n.<\/p>\n\n\n\n<p>Los pron\u00f3sticos compartidos por la Conagua y el Sistema Meteorol\u00f3gico Nacional (SMN) indican que este a\u00f1o se pronostican 15 ciclones tropicales con nombre para el Oc\u00e9ano Pac\u00edfico, de los cuales, entre siete y ocho se convertir\u00e1n en huracanes, incluidos tres o cuatro de gran magnitud, es decir, de categor\u00eda tres o superior en escala Saffir Simpson.<\/p>\n\n\n\n<p>De igual forma, para el Oc\u00e9ano Atl\u00e1ntico, se esperan 17 ciclones tropicales con nombre, la mitad de ellos con potencia de huracanes y cuatro de gran magnitud.<\/p>\n\n\n\n<p>Ante este panorama, Luis Cresencio Sandoval, titular de la Sedena inform\u00f3 que comenzar\u00e1n a partir de este 15 de mayo a organizar cinco fuerzas de tarea locales a nivel nacional, asimismo explic\u00f3 que el plan DN-III tiene tres fases: preventiva, de auxilio y recuperaci\u00f3n.<\/p>\n\n\n\n<p>Ser\u00e1 as\u00ed que en coordinaci\u00f3n con la Conagua y la coordinaci\u00f3n Nacional de Protecci\u00f3n Civil concentrar\u00e1n la etapa de preparaci\u00f3n a partir de este fin de semana en la zona Noroeste que est\u00e1 compuesta por Baja California, Baja California Sur, Sonora y Sinaloa; asimismo, en la parte Occidente que comprende Nayarit, Jalisco, Colima, Michoac\u00e1n y Guerrero; el Sureste, donde est\u00e1 Veracruz, Oaxaca, Tabasco y Chiapas, as\u00ed como la Pen\u00ednsula de Yucat\u00e1n, compuesta por Campeche, Yucat\u00e1n y Quintana Roo.<\/p>\n\n\n\n<p>De igual manera, este operativo comenzar\u00e1 tambi\u00e9n en la parte noreste del pa\u00eds, es decir, en Nuevo Le\u00f3n, Tamaulipas y Veracruz.<\/p>\n\n\n\n<p>Cresencio Sandoval indic\u00f3 que estos operativos estar\u00e1n encabezados por personal militar y desplegar\u00e1n veh\u00edculos, aeronaves y ambulancias, as\u00ed como elementos de ocho batallones de Ingenieros de Combate.<\/p>\n\n\n\n<p>\u201cTodo el personal desplegado en el territorio, una vez que se presente alguna situaci\u00f3n de las que se mencionaron tales como huracanes, tormentas, ciclones o cualquier situaci\u00f3n meteorol\u00f3gica que est\u00e9 da\u00f1ando a la poblaci\u00f3n, se garantizar\u00e1 la seguridad\u201d, detall\u00f3.<\/p>\n\n\n\n<p>Es as\u00ed que a nivel nacional, habr\u00e1 un operativo compuesto por m\u00e1s de 80 mil 500 hombres que contar\u00e1n con la funci\u00f3n de ocho mil veh\u00edculos, 141 unidades de maquinaria pesada, 42 aeronaves, 28 embarcaciones peque\u00f1as de salvamento, as\u00ed como 14 cocinas comunitarias, de las cuales una estar\u00e1 en M\u00e9rida.<\/p>\n","protected":false},"excerpt":{"rendered":"<p>(Redacci\u00f3n) Cresencio Sandoval, titular de la Sedena inform\u00f3 que comenzar\u00e1n a partir de este 15 de mayo a organizar cinco fuerzas de tarea locales a nivel nacional, asimismo explic\u00f3 que el plan DN-III tiene tres fases: preventiva, de auxilio y recuperaci\u00f3n Ciudad de M\u00e9xico a 12 de mayo de 2021.- La Comisi\u00f3n Nacional del Agua [&hellip;]<\/p>\n","protected":false},"author":1,"featured_media":180673,"comment_status":"open","ping_status":"open","sticky":false,"template":"","format":"standard","meta":{"footnotes":""},"categories":[8,2],"tags":[],"class_list":["post-180672","post","type-post","status-publish","format-standard","has-post-thumbnail","hentry","category-pais","category-yucatan","entry","has-media"],"jetpack_featured_media_url":"http:\/\/vertienteglobal.com\/wp-content\/uploads\/2021\/05\/images-2021-05-12T145930.719.jpg","_links":{"self":[{"href":"http:\/\/vertienteglobal.com\/index.php?rest_route=\/wp\/v2\/posts\/180672","targetHints":{"allow":["GET"]}}],"collection":[{"href":"http:\/\/vertienteglobal.com\/index.php?rest_route=\/wp\/v2\/posts"}],"about":[{"href":"http:\/\/vertienteglobal.com\/index.php?rest_route=\/wp\/v2\/types\/post"}],"author":[{"embeddable":true,"href":"http:\/\/vertienteglobal.com\/index.php?rest_route=\/wp\/v2\/users\/1"}],"replies":[{"embeddable":true,"href":"http:\/\/vertienteglobal.com\/index.php?rest_route=%2Fwp%2Fv2%2Fcomments&post=180672"}],"version-history":[{"count":0,"href":"http:\/\/vertienteglobal.com\/index.php?rest_route=\/wp\/v2\/posts\/180672\/revisions"}],"wp:featuredmedia":[{"embeddable":true,"href":"http:\/\/vertienteglobal.com\/index.php?rest_route=\/wp\/v2\/media\/180673"}],"wp:attachment":[{"href":"http:\/\/vertienteglobal.com\/index.php?rest_route=%2Fwp%2Fv2%2Fmedia&parent=180672"}],"wp:term":[{"taxonomy":"category","embeddable":true,"href":"http:\/\/vertienteglobal.com\/index.php?rest_route=%2Fwp%2Fv2%2Fcategories&post=180672"},{"taxonomy":"post_tag","embeddable":true,"href":"http:\/\/vertienteglobal.com\/index.php?rest_route=%2Fwp%2Fv2%2Ftags&post=180672"}],"curies":[{"name":"wp","href":"https:\/\/api.w.org\/{rel}","templated":true}]}}