{"id":180652,"date":"2021-05-13T09:50:52","date_gmt":"2021-05-13T14:50:52","guid":{"rendered":"http:\/\/vertienteglobal.com\/?p=180652"},"modified":"2021-05-14T12:24:47","modified_gmt":"2021-05-14T17:24:47","slug":"amlo-explica-porque-le-quedan-seis-anos-de-gobierno","status":"publish","type":"post","link":"http:\/\/vertienteglobal.com\/?p=180652","title":{"rendered":"AMLO explica porqu\u00e9 le quedan seis a\u00f1os de Gobierno"},"content":{"rendered":"\n<div class=\"twitterbutton\" style=\"float: right; padding-left: 5px;\"><a href=\"http:\/\/twitter.com\/share\" class=\"twitter-share-button\" data-count=\"horizontal\" data-text=\"AMLO explica porqu\u00e9 le quedan seis a\u00f1os de Gobierno\" data-via=\"https:\/\/twitter.com\/VertienteGloba1\" data-url=\"http:\/\/vertienteglobal.com\/?p=180652\" data-lang=\"es\" data-related=\"Informaci\u00f3n general:S\u00edguenos para que est\u00e9ss informado\"><\/a><\/div>\n<figure class=\"wp-block-image size-large\"><img loading=\"lazy\" decoding=\"async\" width=\"1024\" height=\"512\" src=\"http:\/\/vertienteglobal.com\/wp-content\/uploads\/2021\/05\/amlo-mandato-1050x525-1-1024x512.jpg\" alt=\"\" class=\"wp-image-180653\" srcset=\"http:\/\/vertienteglobal.com\/wp-content\/uploads\/2021\/05\/amlo-mandato-1050x525-1-1024x512.jpg 1024w, http:\/\/vertienteglobal.com\/wp-content\/uploads\/2021\/05\/amlo-mandato-1050x525-1-300x150.jpg 300w, http:\/\/vertienteglobal.com\/wp-content\/uploads\/2021\/05\/amlo-mandato-1050x525-1-150x75.jpg 150w, http:\/\/vertienteglobal.com\/wp-content\/uploads\/2021\/05\/amlo-mandato-1050x525-1-768x384.jpg 768w, http:\/\/vertienteglobal.com\/wp-content\/uploads\/2021\/05\/amlo-mandato-1050x525-1.jpg 1050w\" sizes=\"auto, (max-width: 1024px) 100vw, 1024px\" \/><\/figure>\n\n\n\n<p>(Redaccion)<\/p>\n\n\n\n<p>El presidente de M\u00e9xico reiter\u00f3 que no habr\u00e1 una relecci\u00f3n presidencial<\/p>\n\n\n\n<p>Ciudad de Mexico a 13 de mayo de 2021.-El presidente de M\u00e9xico, Andr\u00e9s Manuel L\u00f3pez Obrador (AMLO), explic\u00f3 las razones del porqu\u00e9 le quedan seis a\u00f1os de Gobierno.<\/p>\n\n\n\n<p>\u201cMe quedan todav\u00eda seis a\u00f1os, porque formalmente me quedan tres, pero como trabajo al doble, son seis\u201d, coment\u00f3 el mandatario mexicano en su conferencia matutina desde Palacio Nacional.<\/p>\n\n\n\n<p>L\u00f3pez Obrador afirm\u00f3 que seguir\u00e1 trabajando 16 horas diarias como lo ha venido haciendo para tener m\u00e1s tiempo.<\/p>\n\n\n\n<p>\u201cMe faltan formalmente tres, pero voy a trabajar 16 horas diarias como lo vengo haciendo, no ocho, y esto me ayuda a tener m\u00e1s tiempo\u201d.<\/p>\n\n\n\n<p>El presidente de M\u00e9xico reiter\u00f3 que no habr\u00e1 una relecci\u00f3n presidencial.<\/p>\n\n\n\n<p>AMLO record\u00f3 que en marzo del 2022 se llevar\u00e1 a cabo la consulta sobre la revocaci\u00f3n de mandato, donde si no obtiene el respaldo del pueblo de M\u00e9xico, se retirar\u00e1 a su rancho en Palenque, Chiapas.<\/p>\n\n\n\n<p>\u201cEn marzo del a\u00f1o pr\u00f3ximo va a ver una votaci\u00f3n y se le va a preguntar a toda la gente: \u00bfQuieres que contin\u00fae el presidente o que renuncie? Porque el pueblo pone y el pueblo quita y yo no voy a estar aqu\u00ed si no tengo el respaldo del pueblo.<\/p>\n\n\n\n<p>Ya cuando un presidente tiene el respaldo de solo el 25-30 por ciento de la poblaci\u00f3n \u00bfYa qu\u00e9 hace? Yo cuando deje de tener mayor\u00eda, cuando ya no est\u00e9 de acuerdo el pueblo me voy a Palenque, Chiapas\u201d, afirm\u00f3 el mandatario mexicano. (Con informaci\u00f3n de Noticieros Televisa)<\/p>\n","protected":false},"excerpt":{"rendered":"<p>(Redaccion) El presidente de M\u00e9xico reiter\u00f3 que no habr\u00e1 una relecci\u00f3n presidencial Ciudad de Mexico a 13 de mayo de 2021.-El presidente de M\u00e9xico, Andr\u00e9s Manuel L\u00f3pez Obrador (AMLO), explic\u00f3 las razones del porqu\u00e9 le quedan seis a\u00f1os de Gobierno. \u201cMe quedan todav\u00eda seis a\u00f1os, porque formalmente me quedan tres, pero como trabajo al doble, [&hellip;]<\/p>\n","protected":false},"author":1,"featured_media":180653,"comment_status":"open","ping_status":"open","sticky":false,"template":"","format":"standard","meta":{"footnotes":""},"categories":[8],"tags":[],"class_list":["post-180652","post","type-post","status-publish","format-standard","has-post-thumbnail","hentry","category-pais","entry","has-media"],"jetpack_featured_media_url":"http:\/\/vertienteglobal.com\/wp-content\/uploads\/2021\/05\/amlo-mandato-1050x525-1.jpg","_links":{"self":[{"href":"http:\/\/vertienteglobal.com\/index.php?rest_route=\/wp\/v2\/posts\/180652","targetHints":{"allow":["GET"]}}],"collection":[{"href":"http:\/\/vertienteglobal.com\/index.php?rest_route=\/wp\/v2\/posts"}],"about":[{"href":"http:\/\/vertienteglobal.com\/index.php?rest_route=\/wp\/v2\/types\/post"}],"author":[{"embeddable":true,"href":"http:\/\/vertienteglobal.com\/index.php?rest_route=\/wp\/v2\/users\/1"}],"replies":[{"embeddable":true,"href":"http:\/\/vertienteglobal.com\/index.php?rest_route=%2Fwp%2Fv2%2Fcomments&post=180652"}],"version-history":[{"count":0,"href":"http:\/\/vertienteglobal.com\/index.php?rest_route=\/wp\/v2\/posts\/180652\/revisions"}],"wp:featuredmedia":[{"embeddable":true,"href":"http:\/\/vertienteglobal.com\/index.php?rest_route=\/wp\/v2\/media\/180653"}],"wp:attachment":[{"href":"http:\/\/vertienteglobal.com\/index.php?rest_route=%2Fwp%2Fv2%2Fmedia&parent=180652"}],"wp:term":[{"taxonomy":"category","embeddable":true,"href":"http:\/\/vertienteglobal.com\/index.php?rest_route=%2Fwp%2Fv2%2Fcategories&post=180652"},{"taxonomy":"post_tag","embeddable":true,"href":"http:\/\/vertienteglobal.com\/index.php?rest_route=%2Fwp%2Fv2%2Ftags&post=180652"}],"curies":[{"name":"wp","href":"https:\/\/api.w.org\/{rel}","templated":true}]}}