{"id":180622,"date":"2021-05-11T18:44:00","date_gmt":"2021-05-11T23:44:00","guid":{"rendered":"http:\/\/vertienteglobal.com\/?p=180622"},"modified":"2021-05-11T18:55:52","modified_gmt":"2021-05-11T23:55:52","slug":"mis-funcionarios-tendran-como-requisito-buena-fama-publica-manuel-andrade","status":"publish","type":"post","link":"http:\/\/vertienteglobal.com\/?p=180622","title":{"rendered":"Mis funcionarios tendr\u00e1n como requisito buena fama p\u00fablica: Manuel Andrade"},"content":{"rendered":"\n<div class=\"twitterbutton\" style=\"float: right; padding-left: 5px;\"><a href=\"http:\/\/twitter.com\/share\" class=\"twitter-share-button\" data-count=\"horizontal\" data-text=\"Mis funcionarios tendr\u00e1n como requisito buena fama p\u00fablica: Manuel Andrade\" data-via=\"https:\/\/twitter.com\/VertienteGloba1\" data-url=\"http:\/\/vertienteglobal.com\/?p=180622\" data-lang=\"es\" data-related=\"Informaci\u00f3n general:S\u00edguenos para que est\u00e9ss informado\"><\/a><\/div>\n<figure class=\"wp-block-image size-large\"><img loading=\"lazy\" decoding=\"async\" width=\"1024\" height=\"682\" src=\"http:\/\/vertienteglobal.com\/wp-content\/uploads\/2021\/05\/IMG-20210511-WA0248-1024x682.jpg\" alt=\"\" class=\"wp-image-180623\" srcset=\"http:\/\/vertienteglobal.com\/wp-content\/uploads\/2021\/05\/IMG-20210511-WA0248-1024x682.jpg 1024w, http:\/\/vertienteglobal.com\/wp-content\/uploads\/2021\/05\/IMG-20210511-WA0248-300x200.jpg 300w, http:\/\/vertienteglobal.com\/wp-content\/uploads\/2021\/05\/IMG-20210511-WA0248-150x100.jpg 150w, http:\/\/vertienteglobal.com\/wp-content\/uploads\/2021\/05\/IMG-20210511-WA0248-768x512.jpg 768w, http:\/\/vertienteglobal.com\/wp-content\/uploads\/2021\/05\/IMG-20210511-WA0248-1536x1023.jpg 1536w, http:\/\/vertienteglobal.com\/wp-content\/uploads\/2021\/05\/IMG-20210511-WA0248.jpg 1600w\" sizes=\"auto, (max-width: 1024px) 100vw, 1024px\" \/><\/figure>\n\n\n\n<p>(Redacci\u00f3n)<br>\u00a0<br>No habr\u00e1 ni mis cuates ni mis \u2018compas\u2019; a quien se le asigne una responsabilidad deber\u00e1 contar con el perfil correcto porque la tarea de gobierno est\u00e1 \u2018ca\u00f1ona\u2019, afirma el abanderado del PRD a la alcald\u00eda de Centro<br>\u00a0<br>Villahermosa, Tabasco a 11 de mayo de 2021.- Mis funcionarios tendr\u00e1n como principal caracter\u00edstica buena fama p\u00fablica y experiencia en el \u00e1rea en que se van a desempe\u00f1ar, \u201cno vamos a meter ni amigos, ni cuates ni compas\u201d, afirm\u00f3 el candidato del PRD a la Presidencia Municipal de Centro, Manuel Andrade D\u00edaz en entrevista.<br>\u00a0<br>No podemos jugar a ver qu\u00e9 pasa en los pr\u00f3ximos tres a\u00f1os, quien tenga una responsabilidad en el Ayuntamiento debe tener el perfil correcto, en mi administraci\u00f3n el ayuntamiento de Centro contar\u00e1 con una Administraci\u00f3n p\u00fablica profesional, subray\u00f3 el abanderado del Sol azteca.<br>\u00a0<br>\u201cVamos hacer una tarea de gobierno que va estar \u2018ca\u00f1ona\u2019, no es cualquier cosa, es un paquet\u00f3n administrar el municipio, pero me siento con la madurez y conocimiento para poder administrarlo\u201d, indic\u00f3 Andrade D\u00edaz.<br>\u00a0<br>Otros compromisos, dijo, es privilegiar a las empresas tabasque\u00f1as haciendo un nuevo padr\u00f3n de proveedores de servicios y constructores, as\u00ed como licitar y transparentar todas las adquisiciones del Ayuntamiento.<br>\u00a0<br>Manuel Andrade indic\u00f3 que \u201ces hora que las cosas que se hacen mal en el ayuntamiento deben tener consecuencias, ya lleg\u00f3 el momento de que se acabe la impunidad\u201d.<\/p>\n\n\n\n<figure class=\"wp-block-image size-large\"><img loading=\"lazy\" decoding=\"async\" width=\"1024\" height=\"682\" src=\"http:\/\/vertienteglobal.com\/wp-content\/uploads\/2021\/05\/IMG-20210511-WA0249-1024x682.jpg\" alt=\"\" class=\"wp-image-180624\" srcset=\"http:\/\/vertienteglobal.com\/wp-content\/uploads\/2021\/05\/IMG-20210511-WA0249-1024x682.jpg 1024w, http:\/\/vertienteglobal.com\/wp-content\/uploads\/2021\/05\/IMG-20210511-WA0249-300x200.jpg 300w, http:\/\/vertienteglobal.com\/wp-content\/uploads\/2021\/05\/IMG-20210511-WA0249-150x100.jpg 150w, http:\/\/vertienteglobal.com\/wp-content\/uploads\/2021\/05\/IMG-20210511-WA0249-768x512.jpg 768w, http:\/\/vertienteglobal.com\/wp-content\/uploads\/2021\/05\/IMG-20210511-WA0249.jpg 1280w\" sizes=\"auto, (max-width: 1024px) 100vw, 1024px\" \/><\/figure>\n\n\n\n<figure class=\"wp-block-image size-large\"><img loading=\"lazy\" decoding=\"async\" width=\"1024\" height=\"682\" src=\"http:\/\/vertienteglobal.com\/wp-content\/uploads\/2021\/05\/IMG-20210511-WA0247-1024x682.jpg\" alt=\"\" class=\"wp-image-180625\" srcset=\"http:\/\/vertienteglobal.com\/wp-content\/uploads\/2021\/05\/IMG-20210511-WA0247-1024x682.jpg 1024w, http:\/\/vertienteglobal.com\/wp-content\/uploads\/2021\/05\/IMG-20210511-WA0247-300x200.jpg 300w, http:\/\/vertienteglobal.com\/wp-content\/uploads\/2021\/05\/IMG-20210511-WA0247-150x100.jpg 150w, http:\/\/vertienteglobal.com\/wp-content\/uploads\/2021\/05\/IMG-20210511-WA0247-768x512.jpg 768w, http:\/\/vertienteglobal.com\/wp-content\/uploads\/2021\/05\/IMG-20210511-WA0247.jpg 1280w\" sizes=\"auto, (max-width: 1024px) 100vw, 1024px\" \/><\/figure>\n","protected":false},"excerpt":{"rendered":"<p>(Redacci\u00f3n)\u00a0No habr\u00e1 ni mis cuates ni mis \u2018compas\u2019; a quien se le asigne una responsabilidad deber\u00e1 contar con el perfil correcto porque la tarea de gobierno est\u00e1 \u2018ca\u00f1ona\u2019, afirma el abanderado del PRD a la alcald\u00eda de Centro\u00a0Villahermosa, Tabasco a 11 de mayo de 2021.- Mis funcionarios tendr\u00e1n como principal caracter\u00edstica buena fama p\u00fablica y [&hellip;]<\/p>\n","protected":false},"author":1,"featured_media":180623,"comment_status":"open","ping_status":"open","sticky":false,"template":"","format":"standard","meta":{"footnotes":""},"categories":[5],"tags":[],"class_list":["post-180622","post","type-post","status-publish","format-standard","has-post-thumbnail","hentry","category-tabasco","entry","has-media"],"jetpack_featured_media_url":"http:\/\/vertienteglobal.com\/wp-content\/uploads\/2021\/05\/IMG-20210511-WA0248.jpg","_links":{"self":[{"href":"http:\/\/vertienteglobal.com\/index.php?rest_route=\/wp\/v2\/posts\/180622","targetHints":{"allow":["GET"]}}],"collection":[{"href":"http:\/\/vertienteglobal.com\/index.php?rest_route=\/wp\/v2\/posts"}],"about":[{"href":"http:\/\/vertienteglobal.com\/index.php?rest_route=\/wp\/v2\/types\/post"}],"author":[{"embeddable":true,"href":"http:\/\/vertienteglobal.com\/index.php?rest_route=\/wp\/v2\/users\/1"}],"replies":[{"embeddable":true,"href":"http:\/\/vertienteglobal.com\/index.php?rest_route=%2Fwp%2Fv2%2Fcomments&post=180622"}],"version-history":[{"count":0,"href":"http:\/\/vertienteglobal.com\/index.php?rest_route=\/wp\/v2\/posts\/180622\/revisions"}],"wp:featuredmedia":[{"embeddable":true,"href":"http:\/\/vertienteglobal.com\/index.php?rest_route=\/wp\/v2\/media\/180623"}],"wp:attachment":[{"href":"http:\/\/vertienteglobal.com\/index.php?rest_route=%2Fwp%2Fv2%2Fmedia&parent=180622"}],"wp:term":[{"taxonomy":"category","embeddable":true,"href":"http:\/\/vertienteglobal.com\/index.php?rest_route=%2Fwp%2Fv2%2Fcategories&post=180622"},{"taxonomy":"post_tag","embeddable":true,"href":"http:\/\/vertienteglobal.com\/index.php?rest_route=%2Fwp%2Fv2%2Ftags&post=180622"}],"curies":[{"name":"wp","href":"https:\/\/api.w.org\/{rel}","templated":true}]}}