{"id":180619,"date":"2021-05-11T18:42:00","date_gmt":"2021-05-11T23:42:00","guid":{"rendered":"http:\/\/vertienteglobal.com\/?p=180619"},"modified":"2021-05-11T18:23:15","modified_gmt":"2021-05-11T23:23:15","slug":"en-que-fecha-termina-el-almacenamiento-gratis-de-google-fotos","status":"publish","type":"post","link":"http:\/\/vertienteglobal.com\/?p=180619","title":{"rendered":"\u00bfEn qu\u00e9 fecha termina el almacenamiento gratis de Google Fotos?"},"content":{"rendered":"\n<div class=\"twitterbutton\" style=\"float: right; padding-left: 5px;\"><a href=\"http:\/\/twitter.com\/share\" class=\"twitter-share-button\" data-count=\"horizontal\" data-text=\"\u00bfEn qu\u00e9 fecha termina el almacenamiento gratis de Google Fotos?\" data-via=\"https:\/\/twitter.com\/VertienteGloba1\" data-url=\"http:\/\/vertienteglobal.com\/?p=180619\" data-lang=\"es\" data-related=\"Informaci\u00f3n general:S\u00edguenos para que est\u00e9ss informado\"><\/a><\/div>\n<figure class=\"wp-block-image size-large\"><img loading=\"lazy\" decoding=\"async\" width=\"1024\" height=\"683\" src=\"http:\/\/vertienteglobal.com\/wp-content\/uploads\/2021\/05\/1157150.jpg\" alt=\"\" class=\"wp-image-180620\" srcset=\"http:\/\/vertienteglobal.com\/wp-content\/uploads\/2021\/05\/1157150.jpg 1024w, http:\/\/vertienteglobal.com\/wp-content\/uploads\/2021\/05\/1157150-300x200.jpg 300w, http:\/\/vertienteglobal.com\/wp-content\/uploads\/2021\/05\/1157150-150x100.jpg 150w, http:\/\/vertienteglobal.com\/wp-content\/uploads\/2021\/05\/1157150-768x512.jpg 768w\" sizes=\"auto, (max-width: 1024px) 100vw, 1024px\" \/><\/figure>\n\n\n\n<p>(Redacci\u00f3n)<\/p>\n\n\n\n<p>Los cibernautas deber\u00e1n suscribirse a Google One si desean continuar con esa opci\u00f3n de respaldo<\/p>\n\n\n\n<p>Ciudad de M\u00e9xico a 11 fe mayo de 2021.- Desde el a\u00f1o pasado, Google Fotos anunci\u00f3 que el almacenamiento ilimitado gratuito se terminar\u00e1 a partir del 1 de junio de 2021, hasta antes de ese momento, el contenido que se haya subido a la plataforma en alta calidad no contar\u00e1 dentro de los 15 GB que la compa\u00f1\u00eda ofrece sin costo.<\/p>\n\n\n\n<p>Por otra parte, todas las fotos o videos que se almacenen luego de esa fecha ser\u00e1n descontados de la cuota de 15 GB y, una vez que se supere ese l\u00edmite, los cibernautas deber\u00e1n suscribirse a Google One si desean continuar con esa opci\u00f3n de respaldo.<\/p>\n\n\n\n<p>Es decir fotos y videos que ya est\u00e9n cargados en Google Fotos antes del 1 de junio de 2021 ser\u00e1n considerados como \u00abgratis\u00bb y estar\u00e1n exentos del cambio. El contenido que contar\u00e1 en el espacio por defecto de 15 GB ser\u00e1 el que subamos a la plataforma despu\u00e9s de dicha fecha.<\/p>\n\n\n\n<p>La pol\u00edtica no aplicar\u00e1 para quienes posean smartphones cuyo modelo sea Pixel 1 a 5, pues tendr\u00e1n acceso a almacenamiento gratuito ilimitado desde esos dispositivos.<\/p>\n","protected":false},"excerpt":{"rendered":"<p>(Redacci\u00f3n) Los cibernautas deber\u00e1n suscribirse a Google One si desean continuar con esa opci\u00f3n de respaldo Ciudad de M\u00e9xico a 11 fe mayo de 2021.- Desde el a\u00f1o pasado, Google Fotos anunci\u00f3 que el almacenamiento ilimitado gratuito se terminar\u00e1 a partir del 1 de junio de 2021, hasta antes de ese momento, el contenido que [&hellip;]<\/p>\n","protected":false},"author":1,"featured_media":180620,"comment_status":"open","ping_status":"open","sticky":false,"template":"","format":"standard","meta":{"footnotes":""},"categories":[8],"tags":[],"class_list":["post-180619","post","type-post","status-publish","format-standard","has-post-thumbnail","hentry","category-pais","entry","has-media"],"jetpack_featured_media_url":"http:\/\/vertienteglobal.com\/wp-content\/uploads\/2021\/05\/1157150.jpg","_links":{"self":[{"href":"http:\/\/vertienteglobal.com\/index.php?rest_route=\/wp\/v2\/posts\/180619","targetHints":{"allow":["GET"]}}],"collection":[{"href":"http:\/\/vertienteglobal.com\/index.php?rest_route=\/wp\/v2\/posts"}],"about":[{"href":"http:\/\/vertienteglobal.com\/index.php?rest_route=\/wp\/v2\/types\/post"}],"author":[{"embeddable":true,"href":"http:\/\/vertienteglobal.com\/index.php?rest_route=\/wp\/v2\/users\/1"}],"replies":[{"embeddable":true,"href":"http:\/\/vertienteglobal.com\/index.php?rest_route=%2Fwp%2Fv2%2Fcomments&post=180619"}],"version-history":[{"count":0,"href":"http:\/\/vertienteglobal.com\/index.php?rest_route=\/wp\/v2\/posts\/180619\/revisions"}],"wp:featuredmedia":[{"embeddable":true,"href":"http:\/\/vertienteglobal.com\/index.php?rest_route=\/wp\/v2\/media\/180620"}],"wp:attachment":[{"href":"http:\/\/vertienteglobal.com\/index.php?rest_route=%2Fwp%2Fv2%2Fmedia&parent=180619"}],"wp:term":[{"taxonomy":"category","embeddable":true,"href":"http:\/\/vertienteglobal.com\/index.php?rest_route=%2Fwp%2Fv2%2Fcategories&post=180619"},{"taxonomy":"post_tag","embeddable":true,"href":"http:\/\/vertienteglobal.com\/index.php?rest_route=%2Fwp%2Fv2%2Ftags&post=180619"}],"curies":[{"name":"wp","href":"https:\/\/api.w.org\/{rel}","templated":true}]}}