{"id":180616,"date":"2021-05-11T18:19:13","date_gmt":"2021-05-11T23:19:13","guid":{"rendered":"http:\/\/vertienteglobal.com\/?p=180616"},"modified":"2021-05-11T18:19:13","modified_gmt":"2021-05-11T23:19:13","slug":"suprema-corte-acepta-a-tramite-controversia-de-cofece-contra-reforma-electrica-rechaza-suspender-su-aplicacion","status":"publish","type":"post","link":"http:\/\/vertienteglobal.com\/?p=180616","title":{"rendered":"Suprema Corte acepta a tr\u00e1mite controversia de Cofece contra reforma el\u00e9ctrica; rechaza suspender su aplicaci\u00f3n"},"content":{"rendered":"\n<div class=\"twitterbutton\" style=\"float: right; padding-left: 5px;\"><a href=\"http:\/\/twitter.com\/share\" class=\"twitter-share-button\" data-count=\"horizontal\" data-text=\"Suprema Corte acepta a tr\u00e1mite controversia de Cofece contra reforma el\u00e9ctrica...\" data-via=\"https:\/\/twitter.com\/VertienteGloba1\" data-url=\"http:\/\/vertienteglobal.com\/?p=180616\" data-lang=\"es\" data-related=\"Informaci\u00f3n general:S\u00edguenos para que est\u00e9ss informado\"><\/a><\/div>\n<figure class=\"wp-block-image size-large\"><img loading=\"lazy\" decoding=\"async\" width=\"1024\" height=\"655\" src=\"http:\/\/vertienteglobal.com\/wp-content\/uploads\/2021\/05\/1157534.jpg\" alt=\"\" class=\"wp-image-180617\" srcset=\"http:\/\/vertienteglobal.com\/wp-content\/uploads\/2021\/05\/1157534.jpg 1024w, http:\/\/vertienteglobal.com\/wp-content\/uploads\/2021\/05\/1157534-300x192.jpg 300w, http:\/\/vertienteglobal.com\/wp-content\/uploads\/2021\/05\/1157534-150x96.jpg 150w, http:\/\/vertienteglobal.com\/wp-content\/uploads\/2021\/05\/1157534-768x491.jpg 768w\" sizes=\"auto, (max-width: 1024px) 100vw, 1024px\" \/><\/figure>\n\n\n\n<p>(Redacci\u00f3n)<\/p>\n\n\n\n<p>El ministro Fernando Franco rechaz\u00f3 la petici\u00f3n, al considerar que era inviable otorgarla, pues el fondo de este juicio es s\u00f3lo el reclamo del organismo aut\u00f3nomo sobre la supuesta invasi\u00f3n de sus facultades<\/p>\n\n\n\n<p>Ciudad de M\u00e9xico a 11 de mayo de 2021.- Un ministro de la Suprema Corte de Justicia de la Naci\u00f3n (SCJN) rechaz\u00f3 suspender la Ley de la Industria El\u00e9ctrica del gobierno del presidente Andr\u00e9s Manuel L\u00f3pez Obrador.<\/p>\n\n\n\n<p>Lo anterior, luego de que la Comisi\u00f3n Federal de Competencia Econ\u00f3mica (Cofece) hab\u00eda solicitado al m\u00e1ximo tribunal del pa\u00eds la suspensi\u00f3n de esta ley promulgada el pasado 9 de marzo, en tanto se resuelve el fondo del asunto.<\/p>\n\n\n\n<p>No obstante, el ministro Fernando Franco rechaz\u00f3 la petici\u00f3n, al considerar que era inviable otorgarla, pues el fondo de este juicio es s\u00f3lo el reclamo del organismo aut\u00f3nomo sobre la supuesta invasi\u00f3n de sus facultades.<\/p>\n\n\n\n<p>La Cofece reclama que la Ley de la Industria El\u00e9ctrica quebranta la regla de acceso abierto y no discriminatorio a las redes de distribuci\u00f3n y trasmisi\u00f3n, lo que reduce la capacidad de competir de ciertos generadores y comercializadores.<\/p>\n\n\n\n<p>Sin embargo, el ministro Fernando Franco s\u00ed admiti\u00f3 a tr\u00e1mite dicha controversia constitucional promovida por la Cofece para su an\u00e1lisis, a la cual se suma la acci\u00f3n de inconstitucionalidad presentada por la oposici\u00f3n en el Senado.<\/p>\n\n\n\n<p>La Ley de la Industria El\u00e9ctrica es la misma por la que el juez Juan Pablo G\u00f3mez Fierro ha otorgado suspensiones en amparos promovidos por empresas privadas generadoras de electricidad.(Fuente:Milenio)<\/p>\n","protected":false},"excerpt":{"rendered":"<p>(Redacci\u00f3n) El ministro Fernando Franco rechaz\u00f3 la petici\u00f3n, al considerar que era inviable otorgarla, pues el fondo de este juicio es s\u00f3lo el reclamo del organismo aut\u00f3nomo sobre la supuesta invasi\u00f3n de sus facultades Ciudad de M\u00e9xico a 11 de mayo de 2021.- Un ministro de la Suprema Corte de Justicia de la Naci\u00f3n (SCJN) [&hellip;]<\/p>\n","protected":false},"author":1,"featured_media":180617,"comment_status":"open","ping_status":"open","sticky":false,"template":"","format":"standard","meta":{"footnotes":""},"categories":[8],"tags":[],"class_list":["post-180616","post","type-post","status-publish","format-standard","has-post-thumbnail","hentry","category-pais","entry","has-media"],"jetpack_featured_media_url":"http:\/\/vertienteglobal.com\/wp-content\/uploads\/2021\/05\/1157534.jpg","_links":{"self":[{"href":"http:\/\/vertienteglobal.com\/index.php?rest_route=\/wp\/v2\/posts\/180616","targetHints":{"allow":["GET"]}}],"collection":[{"href":"http:\/\/vertienteglobal.com\/index.php?rest_route=\/wp\/v2\/posts"}],"about":[{"href":"http:\/\/vertienteglobal.com\/index.php?rest_route=\/wp\/v2\/types\/post"}],"author":[{"embeddable":true,"href":"http:\/\/vertienteglobal.com\/index.php?rest_route=\/wp\/v2\/users\/1"}],"replies":[{"embeddable":true,"href":"http:\/\/vertienteglobal.com\/index.php?rest_route=%2Fwp%2Fv2%2Fcomments&post=180616"}],"version-history":[{"count":0,"href":"http:\/\/vertienteglobal.com\/index.php?rest_route=\/wp\/v2\/posts\/180616\/revisions"}],"wp:featuredmedia":[{"embeddable":true,"href":"http:\/\/vertienteglobal.com\/index.php?rest_route=\/wp\/v2\/media\/180617"}],"wp:attachment":[{"href":"http:\/\/vertienteglobal.com\/index.php?rest_route=%2Fwp%2Fv2%2Fmedia&parent=180616"}],"wp:term":[{"taxonomy":"category","embeddable":true,"href":"http:\/\/vertienteglobal.com\/index.php?rest_route=%2Fwp%2Fv2%2Fcategories&post=180616"},{"taxonomy":"post_tag","embeddable":true,"href":"http:\/\/vertienteglobal.com\/index.php?rest_route=%2Fwp%2Fv2%2Ftags&post=180616"}],"curies":[{"name":"wp","href":"https:\/\/api.w.org\/{rel}","templated":true}]}}