{"id":180332,"date":"2021-05-05T18:10:00","date_gmt":"2021-05-05T23:10:00","guid":{"rendered":"http:\/\/vertienteglobal.com\/?p=180332"},"modified":"2021-05-05T19:30:40","modified_gmt":"2021-05-06T00:30:40","slug":"los-constructores-seran-aliados-en-la-reconstruccion-de-centro-andres-granier-melo","status":"publish","type":"post","link":"http:\/\/vertienteglobal.com\/?p=180332","title":{"rendered":"Los constructores ser\u00e1n aliados en la reconstrucci\u00f3n de Centro: Andr\u00e9s Granier Melo"},"content":{"rendered":"\n<div class=\"twitterbutton\" style=\"float: right; padding-left: 5px;\"><a href=\"http:\/\/twitter.com\/share\" class=\"twitter-share-button\" data-count=\"horizontal\" data-text=\"Los constructores ser\u00e1n aliados en la reconstrucci\u00f3n de Centro: Andr\u00e9s Granie...\" data-via=\"https:\/\/twitter.com\/VertienteGloba1\" data-url=\"http:\/\/vertienteglobal.com\/?p=180332\" data-lang=\"es\" data-related=\"Informaci\u00f3n general:S\u00edguenos para que est\u00e9ss informado\"><\/a><\/div>\n<figure class=\"wp-block-image size-large\"><img loading=\"lazy\" decoding=\"async\" width=\"1024\" height=\"683\" src=\"http:\/\/vertienteglobal.com\/wp-content\/uploads\/2021\/05\/20210505_192727-1024x683.jpg\" alt=\"\" class=\"wp-image-180333\" srcset=\"http:\/\/vertienteglobal.com\/wp-content\/uploads\/2021\/05\/20210505_192727-1024x683.jpg 1024w, http:\/\/vertienteglobal.com\/wp-content\/uploads\/2021\/05\/20210505_192727-300x200.jpg 300w, http:\/\/vertienteglobal.com\/wp-content\/uploads\/2021\/05\/20210505_192727-150x100.jpg 150w, http:\/\/vertienteglobal.com\/wp-content\/uploads\/2021\/05\/20210505_192727-768x512.jpg 768w, http:\/\/vertienteglobal.com\/wp-content\/uploads\/2021\/05\/20210505_192727.jpg 1296w\" sizes=\"auto, (max-width: 1024px) 100vw, 1024px\" \/><\/figure>\n\n\n\n<p>(Martha Rodriguez)<\/p>\n\n\n\n<p>El candidato de \u00abVa por Centro\u00bb, sostuvo encuentro con afiliados de la CMIC, donde propuso ventanilla \u00fanica, entre otras acciones<\/p>\n\n\n\n<p>Villahermosa, Tabasco, a 05 de mayo de 2021.- Se realizar\u00e1n obras que atiendan las necesidades m\u00e1s sentidas de la poblaci\u00f3n y en la que los constructores locales ser\u00e1n grandes aliados, estableci\u00f3 el qu\u00edmico Andr\u00e9s Granier Melo, candidato de los partidos Revolucionario Institucional y de Acci\u00f3n Nacional a la alcald\u00eda de Centro, al sostener un encuentro con integrantes de la C\u00e1mara Nacional de la Industria de la Construcci\u00f3n (CMIC) Tabasco.<\/p>\n\n\n\n<p>Reconoci\u00f3 que hay mucho por hacer en obra p\u00fablica, porque el Centro est\u00e1 totalmente abandonado y devastado; pareciera que el tiempo se detuvo.<\/p>\n\n\n\n<p>Plante\u00f3 que de ganar el 6 de junio la presidencia municipal, los primeros cien d\u00edas de su gobierno los dedicar\u00e1 a resolver los problemas m\u00e1s sentidos de la poblaci\u00f3n, que se ha expresado claramente.<\/p>\n\n\n\n<p>La estrategia, incluye la recuperaci\u00f3n de espacios p\u00fablicos que est\u00e1n abandonados para poder brindar condiciones de seguridad a las familias.<\/p>\n\n\n\n<p>Asimismo, se emprender\u00e1 el reforzamiento de la infraestructura contra inundaciones, \u00abporque es importante que no se descuide lo que ya se construy\u00f3\u00bb.<\/p>\n\n\n\n<p>CONSTRUCTORES ALIADOS DE CENTRO<\/p>\n\n\n\n<p>Acompa\u00f1ado de Juan Pablo Wade, candidato a la diputaci\u00f3n local por el distrito IX, prometi\u00f3 poner en marca la ventanilla \u00fanica para agilizar tr\u00e1mites, reducir tiempos de respuesta a no m\u00e1s de 30 d\u00edas, entre otras acciones.<\/p>\n\n\n\n<p>Emprender\u00e1 el Ayuntamiento Digital que facilitar\u00e1 tr\u00e1mites y servicios, \u00abquiero darle transparencia a lo que vamos a hacer\u201d<br>\u201cTengo la capacidad y el deseo de gobernar Centro; hay que tener experiencia para resolver los problemas\u00bb, asegur\u00f3.<\/p>\n\n\n\n<p>Al darle la bienvenida, el presidente de la CMIC-Tabasco, Jos\u00e9 Luis Gonz\u00e1lez Valencia, asegur\u00f3 que el sector de la construcci\u00f3n es uno de los motores m\u00e1s importantes de la econom\u00eda local.<\/p>\n\n\n\n<p>Pidi\u00f3 tener un programa de obra p\u00fablica sin precedente, que contribuya sacar adelante a las empresas locales que fueron golpeadas por la pandemia.<\/p>\n\n\n\n<p>Jos\u00e9 Ventura Priego Madrigal, vicepresidente nacional de servicios al afiliado de CMIC, destac\u00f3 que cuando fue presidente del sector empresarial siempre fue atendido por el qu\u00edmico en cuanto a la ejecuci\u00f3n de obras para el sector.<\/p>\n\n\n\n<figure class=\"wp-block-image size-large\"><img loading=\"lazy\" decoding=\"async\" width=\"1024\" height=\"683\" src=\"http:\/\/vertienteglobal.com\/wp-content\/uploads\/2021\/05\/20210505_192713-1024x683.jpg\" alt=\"\" class=\"wp-image-180334\" srcset=\"http:\/\/vertienteglobal.com\/wp-content\/uploads\/2021\/05\/20210505_192713-1024x683.jpg 1024w, http:\/\/vertienteglobal.com\/wp-content\/uploads\/2021\/05\/20210505_192713-300x200.jpg 300w, http:\/\/vertienteglobal.com\/wp-content\/uploads\/2021\/05\/20210505_192713-150x100.jpg 150w, http:\/\/vertienteglobal.com\/wp-content\/uploads\/2021\/05\/20210505_192713-768x512.jpg 768w, http:\/\/vertienteglobal.com\/wp-content\/uploads\/2021\/05\/20210505_192713.jpg 1296w\" sizes=\"auto, (max-width: 1024px) 100vw, 1024px\" \/><\/figure>\n\n\n\n<figure class=\"wp-block-image size-large\"><img loading=\"lazy\" decoding=\"async\" width=\"1024\" height=\"683\" src=\"http:\/\/vertienteglobal.com\/wp-content\/uploads\/2021\/05\/20210505_192721-1024x683.jpg\" alt=\"\" class=\"wp-image-180335\" srcset=\"http:\/\/vertienteglobal.com\/wp-content\/uploads\/2021\/05\/20210505_192721-1024x683.jpg 1024w, http:\/\/vertienteglobal.com\/wp-content\/uploads\/2021\/05\/20210505_192721-300x200.jpg 300w, http:\/\/vertienteglobal.com\/wp-content\/uploads\/2021\/05\/20210505_192721-150x100.jpg 150w, http:\/\/vertienteglobal.com\/wp-content\/uploads\/2021\/05\/20210505_192721-768x512.jpg 768w, http:\/\/vertienteglobal.com\/wp-content\/uploads\/2021\/05\/20210505_192721.jpg 1296w\" sizes=\"auto, (max-width: 1024px) 100vw, 1024px\" \/><\/figure>\n","protected":false},"excerpt":{"rendered":"<p>(Martha Rodriguez) El candidato de \u00abVa por Centro\u00bb, sostuvo encuentro con afiliados de la CMIC, donde propuso ventanilla \u00fanica, entre otras acciones Villahermosa, Tabasco, a 05 de mayo de 2021.- Se realizar\u00e1n obras que atiendan las necesidades m\u00e1s sentidas de la poblaci\u00f3n y en la que los constructores locales ser\u00e1n grandes aliados, estableci\u00f3 el qu\u00edmico [&hellip;]<\/p>\n","protected":false},"author":1,"featured_media":180333,"comment_status":"open","ping_status":"open","sticky":false,"template":"","format":"standard","meta":{"footnotes":""},"categories":[5],"tags":[],"class_list":["post-180332","post","type-post","status-publish","format-standard","has-post-thumbnail","hentry","category-tabasco","entry","has-media"],"jetpack_featured_media_url":"http:\/\/vertienteglobal.com\/wp-content\/uploads\/2021\/05\/20210505_192727.jpg","_links":{"self":[{"href":"http:\/\/vertienteglobal.com\/index.php?rest_route=\/wp\/v2\/posts\/180332","targetHints":{"allow":["GET"]}}],"collection":[{"href":"http:\/\/vertienteglobal.com\/index.php?rest_route=\/wp\/v2\/posts"}],"about":[{"href":"http:\/\/vertienteglobal.com\/index.php?rest_route=\/wp\/v2\/types\/post"}],"author":[{"embeddable":true,"href":"http:\/\/vertienteglobal.com\/index.php?rest_route=\/wp\/v2\/users\/1"}],"replies":[{"embeddable":true,"href":"http:\/\/vertienteglobal.com\/index.php?rest_route=%2Fwp%2Fv2%2Fcomments&post=180332"}],"version-history":[{"count":0,"href":"http:\/\/vertienteglobal.com\/index.php?rest_route=\/wp\/v2\/posts\/180332\/revisions"}],"wp:featuredmedia":[{"embeddable":true,"href":"http:\/\/vertienteglobal.com\/index.php?rest_route=\/wp\/v2\/media\/180333"}],"wp:attachment":[{"href":"http:\/\/vertienteglobal.com\/index.php?rest_route=%2Fwp%2Fv2%2Fmedia&parent=180332"}],"wp:term":[{"taxonomy":"category","embeddable":true,"href":"http:\/\/vertienteglobal.com\/index.php?rest_route=%2Fwp%2Fv2%2Fcategories&post=180332"},{"taxonomy":"post_tag","embeddable":true,"href":"http:\/\/vertienteglobal.com\/index.php?rest_route=%2Fwp%2Fv2%2Ftags&post=180332"}],"curies":[{"name":"wp","href":"https:\/\/api.w.org\/{rel}","templated":true}]}}