{"id":180296,"date":"2021-05-05T10:19:00","date_gmt":"2021-05-05T15:19:00","guid":{"rendered":"http:\/\/vertienteglobal.com\/?p=180296"},"modified":"2021-05-05T11:00:51","modified_gmt":"2021-05-05T16:00:51","slug":"emiten-aviso-especial-por-frente-frio-norte-y-lluvias-en-veracruz","status":"publish","type":"post","link":"http:\/\/vertienteglobal.com\/?p=180296","title":{"rendered":"Emiten Aviso Especial por Frente Fr\u00edo, Norte y lluvias en Veracruz"},"content":{"rendered":"\n<div class=\"twitterbutton\" style=\"float: right; padding-left: 5px;\"><a href=\"http:\/\/twitter.com\/share\" class=\"twitter-share-button\" data-count=\"horizontal\" data-text=\"Emiten Aviso Especial por Frente Fr\u00edo, Norte y lluvias en Veracruz\" data-via=\"https:\/\/twitter.com\/VertienteGloba1\" data-url=\"http:\/\/vertienteglobal.com\/?p=180296\" data-lang=\"es\" data-related=\"Informaci\u00f3n general:S\u00edguenos para que est\u00e9ss informado\"><\/a><\/div>\n<figure class=\"wp-block-image size-large\"><img loading=\"lazy\" decoding=\"async\" width=\"1024\" height=\"683\" src=\"http:\/\/vertienteglobal.com\/wp-content\/uploads\/2021\/05\/1156610.jpg\" alt=\"\" class=\"wp-image-180297\" srcset=\"http:\/\/vertienteglobal.com\/wp-content\/uploads\/2021\/05\/1156610.jpg 1024w, http:\/\/vertienteglobal.com\/wp-content\/uploads\/2021\/05\/1156610-300x200.jpg 300w, http:\/\/vertienteglobal.com\/wp-content\/uploads\/2021\/05\/1156610-150x100.jpg 150w, http:\/\/vertienteglobal.com\/wp-content\/uploads\/2021\/05\/1156610-768x512.jpg 768w\" sizes=\"auto, (max-width: 1024px) 100vw, 1024px\" \/><\/figure>\n\n\n\n<p>(Redacci\u00f3n)<\/p>\n\n\n\n<p>El frente fr\u00edo n\u00fam. 55 se extiende a esta hora desde el noreste de los Estados Unidos hasta el norte de Veracruz<\/p>\n\n\n\n<p>Xalapa, Veracruz, a 05 de mayo de 2021.- La Secretar\u00eda de protecci\u00f3n civil emiti\u00f3 un Aviso Especial a la comunidad veracruzana por el paso del por Frente Fr\u00edo 55, evento de Norte y lluvias en el estado de Veracruz.<\/p>\n\n\n\n<p>A trav\u00e9s de su \u00e1rea de Meteorolog\u00eda, emite al respecto el siguiente comunicado:<br>Lluvias y tormentas fuertes.<br>Norte rachas de 50 a 65 km\/h.<br>La intensidad del calor disminuye.<br>Precauci\u00f3n.<\/p>\n\n\n\n<p>Sistemas meteorol\u00f3gicos y su previsi\u00f3n: El frente fr\u00edo n\u00fam. 55 se extiende a esta hora desde el noreste de los Estados Unidos hasta el norte de Veracruz.<\/p>\n\n\n\n<p>Avanza lentamente hacia el sureste impulsado por una masa de aire relativamente fr\u00eda y asociado a una l\u00ednea de cortante (figura superior), previ\u00e9ndose alcance esta tarde-noche la zona centro-sur del estado, donde tender\u00eda a estacionarse.<\/p>\n\n\n\n<p>Tal situaci\u00f3n ocasionar\u00e1 en el estado las siguientes condiciones atmosf\u00e9ricas:<br>Mi\u00e9rcoles 5: Viento del Norte con rachas de 50 a 65 km\/h en la costa norte-centro y de 45 a 60 km\/h en la costa sur. Oleaje de 1 a 2 metros en las proximidades de la costa.<\/p>\n\n\n\n<p>Lluvias de 5 a 20 mm de manera general con m\u00e1ximos de 30 a 50 mm especialmente en regiones monta\u00f1osas del estado (no descarte mayores de forma m\u00e1s local), las cuales pueden estar acompa\u00f1adas por tormentas (r\u00e1fagas de viento, actividad el\u00e9ctrica y ca\u00edda de granizo). La intensidad del calor disminuye.<\/p>\n\n\n\n<p>Jueves 6: Viento del Norte con rachas de 40 a 60 km\/h en la zona litoral. Oleaje de 1 a 2 metros en las proximidades de la costa.<\/p>\n\n\n\n<p>Lluvias de 5 a 20 mm de manera general con m\u00e1ximos de 30 a 50 mm en regiones monta\u00f1osas y costa central, sin descartar mayores con tormentas. La intensidad del calor contin\u00faa disminuyendo.<\/p>\n\n\n\n<p>Viernes 7:&nbsp; Viento del Norte con rachas de 35 a 55 km\/h en la zona litoral. Oleaje de 0.5 a 1.5 metros en las proximidades de la costa.<\/p>\n\n\n\n<p>Lluvias de 5 a 20 mm de manera general con m\u00e1ximos de 30 a 50 mm especialmente en regiones monta\u00f1osas, sin descartar mayores acompa\u00f1adas por tormentas.<\/p>\n\n\n\n<p>Los valores de la temperatura m\u00e1xima con poco cambio o disminuyen ligeramente con respecto al d\u00eda anterior.<\/p>\n","protected":false},"excerpt":{"rendered":"<p>(Redacci\u00f3n) El frente fr\u00edo n\u00fam. 55 se extiende a esta hora desde el noreste de los Estados Unidos hasta el norte de Veracruz Xalapa, Veracruz, a 05 de mayo de 2021.- La Secretar\u00eda de protecci\u00f3n civil emiti\u00f3 un Aviso Especial a la comunidad veracruzana por el paso del por Frente Fr\u00edo 55, evento de Norte [&hellip;]<\/p>\n","protected":false},"author":1,"featured_media":180297,"comment_status":"open","ping_status":"open","sticky":false,"template":"","format":"standard","meta":{"footnotes":""},"categories":[7],"tags":[],"class_list":["post-180296","post","type-post","status-publish","format-standard","has-post-thumbnail","hentry","category-veracruz","entry","has-media"],"jetpack_featured_media_url":"http:\/\/vertienteglobal.com\/wp-content\/uploads\/2021\/05\/1156610.jpg","_links":{"self":[{"href":"http:\/\/vertienteglobal.com\/index.php?rest_route=\/wp\/v2\/posts\/180296","targetHints":{"allow":["GET"]}}],"collection":[{"href":"http:\/\/vertienteglobal.com\/index.php?rest_route=\/wp\/v2\/posts"}],"about":[{"href":"http:\/\/vertienteglobal.com\/index.php?rest_route=\/wp\/v2\/types\/post"}],"author":[{"embeddable":true,"href":"http:\/\/vertienteglobal.com\/index.php?rest_route=\/wp\/v2\/users\/1"}],"replies":[{"embeddable":true,"href":"http:\/\/vertienteglobal.com\/index.php?rest_route=%2Fwp%2Fv2%2Fcomments&post=180296"}],"version-history":[{"count":0,"href":"http:\/\/vertienteglobal.com\/index.php?rest_route=\/wp\/v2\/posts\/180296\/revisions"}],"wp:featuredmedia":[{"embeddable":true,"href":"http:\/\/vertienteglobal.com\/index.php?rest_route=\/wp\/v2\/media\/180297"}],"wp:attachment":[{"href":"http:\/\/vertienteglobal.com\/index.php?rest_route=%2Fwp%2Fv2%2Fmedia&parent=180296"}],"wp:term":[{"taxonomy":"category","embeddable":true,"href":"http:\/\/vertienteglobal.com\/index.php?rest_route=%2Fwp%2Fv2%2Fcategories&post=180296"},{"taxonomy":"post_tag","embeddable":true,"href":"http:\/\/vertienteglobal.com\/index.php?rest_route=%2Fwp%2Fv2%2Ftags&post=180296"}],"curies":[{"name":"wp","href":"https:\/\/api.w.org\/{rel}","templated":true}]}}