{"id":179740,"date":"2021-04-23T08:24:25","date_gmt":"2021-04-23T13:24:25","guid":{"rendered":"http:\/\/vertienteglobal.com\/?p=179740"},"modified":"2021-04-24T08:01:57","modified_gmt":"2021-04-24T13:01:57","slug":"una-comunidad-se-conforma-de-conocimientos-lecturas-y-libros","status":"publish","type":"post","link":"http:\/\/vertienteglobal.com\/?p=179740","title":{"rendered":"Una comunidad se conforma de conocimientos, lecturas y libros"},"content":{"rendered":"\n<div class=\"twitterbutton\" style=\"float: right; padding-left: 5px;\"><a href=\"http:\/\/twitter.com\/share\" class=\"twitter-share-button\" data-count=\"horizontal\" data-text=\"Una comunidad se conforma de conocimientos, lecturas y libros\" data-via=\"https:\/\/twitter.com\/VertienteGloba1\" data-url=\"http:\/\/vertienteglobal.com\/?p=179740\" data-lang=\"es\" data-related=\"Informaci\u00f3n general:S\u00edguenos para que est\u00e9ss informado\"><\/a><\/div>\n<figure class=\"wp-block-image size-large\"><img loading=\"lazy\" decoding=\"async\" width=\"969\" height=\"606\" src=\"http:\/\/vertienteglobal.com\/wp-content\/uploads\/2021\/04\/libro-abierto.jpg\" alt=\"\" class=\"wp-image-179741\" srcset=\"http:\/\/vertienteglobal.com\/wp-content\/uploads\/2021\/04\/libro-abierto.jpg 969w, http:\/\/vertienteglobal.com\/wp-content\/uploads\/2021\/04\/libro-abierto-300x188.jpg 300w, http:\/\/vertienteglobal.com\/wp-content\/uploads\/2021\/04\/libro-abierto-150x94.jpg 150w, http:\/\/vertienteglobal.com\/wp-content\/uploads\/2021\/04\/libro-abierto-768x480.jpg 768w\" sizes=\"auto, (max-width: 969px) 100vw, 969px\" \/><\/figure>\n\n\n\n<p>(Redacci\u00f3n)<\/p>\n\n\n\n<p>El D\u00eda Mundial del Libro y de los Derechos de Autor, fue decretado por la UNESCO con el objetivo de fomentar la lectura y promover el disfrute de los libros, tambi\u00e9n para dar a conocer el derecho de la propiedad intelectual<\/p>\n\n\n\n<p>un libro abiertoEstimular el h\u00e1bito de la lectura es una manera de adquirir y enriquecer conocimientos para ampliar nuestra conciencia<\/p>\n\n\n\n<p>Ciudad de M\u00e9xico a 23 de abril de 2021.- Gracias a la colaboraci\u00f3n de la Uni\u00f3n Internacional de Editores cuyo fin fue, no solo fomentar la cultura y las letras en el mundo, sino tambi\u00e9n, buscar una manera de proteger la propiedad del derecho de autor, la Conferencia General de la UNESCO en 1995, proclam\u00f3 el 23 de abril como D\u00eda Mundial del Libro y del Derecho de Autor, fecha de la literatura universal que coincide con la de la desaparici\u00f3n de los escritores William Shakespeare, Miguel de Cervantes e Inca Garcilaso de la Vega.<\/p>\n\n\n\n<p>La lectura, en el contexto de la pandemia por la COVID19, es m\u00e1s importante que nunca, porque nos puede ayudar a sentir menos el aislamiento, a fortalecer los lazos entre las personas y a ver m\u00e1s all\u00e1 de nuestros horizontes, al tiempo que aviva nuestras mentes y activa la creatividad.<\/p>\n\n\n\n<p>Sab\u00edas que\u2026 la expresi\u00f3n \u201cderecho de autor\u201d, en el argot jur\u00eddico, se utiliza para describir los derechos que los creadores tienen sobre sus obras literarias y art\u00edsticas.<\/p>\n\n\n\n<p>El D\u00eda del Libro nos motiva a celebrar la trascendencia de la lectura, impulsar el crecimiento de la ni\u00f1ez como lectores y promover el amor a la literatura, y en M\u00e9xico gracias a la Estrategia Nacional de Lectura se busca recuperar el placer de la lectura, promoviendo la difusi\u00f3n y consumo de libros mexicanos y globales. Asimismo, estimular el h\u00e1bito de la lectura como manera de adquirir y enriquecer conocimientos para ampliar nuestra conciencia.<\/p>\n\n\n\n<p>Por otra parte, la agricultura como s\u00edmbolo de la historia humana, el campo mexicano en general, as\u00ed como todos los productos que de ellos emanan han sido motivo de diversas producciones literarias, desde relatos de hechos hist\u00f3ricos relativos al agro hasta obras de trascendencia cient\u00edfica. As\u00ed vemos como el campo mexicano es fuente de inspiraci\u00f3n literaria.<\/p>\n\n\n\n<p>Te invitamos a leer el Blog D\u00eda internacional del libro .<\/p>\n\n\n\n<p>Finalmente, para celebrar este D\u00eda del libro 2021 les recomendamos adquirir un libro y regal\u00e1rselo a una ni\u00f1a o ni\u00f1o para fomentar el acceso y difusi\u00f3n de la lectura, despert\u00e1ndoles el gusto por abrir un libro para que se dejen atrapar por la magia que encierra, recordando con ellos que leer nos hace mejores personas, nos permite comunicarnos sin importar distancias, \u00e9pocas ni culturas: nos da identidad y pertenencia.<\/p>\n","protected":false},"excerpt":{"rendered":"<p>(Redacci\u00f3n) El D\u00eda Mundial del Libro y de los Derechos de Autor, fue decretado por la UNESCO con el objetivo de fomentar la lectura y promover el disfrute de los libros, tambi\u00e9n para dar a conocer el derecho de la propiedad intelectual un libro abiertoEstimular el h\u00e1bito de la lectura es una manera de adquirir [&hellip;]<\/p>\n","protected":false},"author":1,"featured_media":179741,"comment_status":"open","ping_status":"open","sticky":false,"template":"","format":"standard","meta":{"footnotes":""},"categories":[8],"tags":[],"class_list":["post-179740","post","type-post","status-publish","format-standard","has-post-thumbnail","hentry","category-pais","entry","has-media"],"jetpack_featured_media_url":"http:\/\/vertienteglobal.com\/wp-content\/uploads\/2021\/04\/libro-abierto.jpg","_links":{"self":[{"href":"http:\/\/vertienteglobal.com\/index.php?rest_route=\/wp\/v2\/posts\/179740","targetHints":{"allow":["GET"]}}],"collection":[{"href":"http:\/\/vertienteglobal.com\/index.php?rest_route=\/wp\/v2\/posts"}],"about":[{"href":"http:\/\/vertienteglobal.com\/index.php?rest_route=\/wp\/v2\/types\/post"}],"author":[{"embeddable":true,"href":"http:\/\/vertienteglobal.com\/index.php?rest_route=\/wp\/v2\/users\/1"}],"replies":[{"embeddable":true,"href":"http:\/\/vertienteglobal.com\/index.php?rest_route=%2Fwp%2Fv2%2Fcomments&post=179740"}],"version-history":[{"count":0,"href":"http:\/\/vertienteglobal.com\/index.php?rest_route=\/wp\/v2\/posts\/179740\/revisions"}],"wp:featuredmedia":[{"embeddable":true,"href":"http:\/\/vertienteglobal.com\/index.php?rest_route=\/wp\/v2\/media\/179741"}],"wp:attachment":[{"href":"http:\/\/vertienteglobal.com\/index.php?rest_route=%2Fwp%2Fv2%2Fmedia&parent=179740"}],"wp:term":[{"taxonomy":"category","embeddable":true,"href":"http:\/\/vertienteglobal.com\/index.php?rest_route=%2Fwp%2Fv2%2Fcategories&post=179740"},{"taxonomy":"post_tag","embeddable":true,"href":"http:\/\/vertienteglobal.com\/index.php?rest_route=%2Fwp%2Fv2%2Ftags&post=179740"}],"curies":[{"name":"wp","href":"https:\/\/api.w.org\/{rel}","templated":true}]}}