{"id":179558,"date":"2021-04-20T10:41:00","date_gmt":"2021-04-20T15:41:00","guid":{"rendered":"http:\/\/vertienteglobal.com\/?p=179558"},"modified":"2021-04-20T23:43:42","modified_gmt":"2021-04-21T04:43:42","slug":"amlo-se-vacuna-contra-covid-19-en-la-mananera-con-astrazeneca","status":"publish","type":"post","link":"http:\/\/vertienteglobal.com\/?p=179558","title":{"rendered":"AMLO se vacuna contra COVID-19 en la ma\u00f1anera con AstraZeneca"},"content":{"rendered":"\n<div class=\"twitterbutton\" style=\"float: right; padding-left: 5px;\"><a href=\"http:\/\/twitter.com\/share\" class=\"twitter-share-button\" data-count=\"horizontal\" data-text=\"AMLO se vacuna contra COVID-19 en la ma\u00f1anera con AstraZeneca\" data-via=\"https:\/\/twitter.com\/VertienteGloba1\" data-url=\"http:\/\/vertienteglobal.com\/?p=179558\" data-lang=\"es\" data-related=\"Informaci\u00f3n general:S\u00edguenos para que est\u00e9ss informado\"><\/a><\/div>\n<figure class=\"wp-block-image size-large\"><img loading=\"lazy\" decoding=\"async\" width=\"640\" height=\"330\" src=\"http:\/\/vertienteglobal.com\/wp-content\/uploads\/2021\/04\/amlo-se-vacuna-contra-covid-19-en-la-mananera-con-astrazeneca-640x330-1.jpg\" alt=\"\" class=\"wp-image-179559\" srcset=\"http:\/\/vertienteglobal.com\/wp-content\/uploads\/2021\/04\/amlo-se-vacuna-contra-covid-19-en-la-mananera-con-astrazeneca-640x330-1.jpg 640w, http:\/\/vertienteglobal.com\/wp-content\/uploads\/2021\/04\/amlo-se-vacuna-contra-covid-19-en-la-mananera-con-astrazeneca-640x330-1-300x155.jpg 300w, http:\/\/vertienteglobal.com\/wp-content\/uploads\/2021\/04\/amlo-se-vacuna-contra-covid-19-en-la-mananera-con-astrazeneca-640x330-1-150x77.jpg 150w\" sizes=\"auto, (max-width: 640px) 100vw, 640px\" \/><\/figure>\n\n\n\n<p>(Redaccion)<\/p>\n\n\n\n<p>\u201cNo duele, pero adem\u00e1s ayuda mucho y nos protege a todos. Hago un llamado a todos los adultos mayores para que todos nos vacunemos. No hay ning\u00fan riesgo\u201d, expres\u00f3 tras ser vacunado el mandatario, de 67 a\u00f1os de edad<\/p>\n\n\n\n<p>Ciudad de M\u00e9xico a 20 de abril de 2021.- El presidente, Andr\u00e9s Manuel L\u00f3pez Obrador (AMLO), se vacun\u00f3 contra el COVID-19 con una dosis de AstraZeneca, en la conferencia ma\u00f1anera de hoy, 20 de abril de 2021.<\/p>\n\n\n\n<p>Una teniente enfermera del Ej\u00e9rcito le mostr\u00f3 la jeringa, le levant\u00f3 la manga izquierda de la camisa, le inyect\u00f3 la vacuna y le entreg\u00f3 el registro de su vacunaci\u00f3n.<\/p>\n\n\n\n<p>Tras recibir la primera dosis de la vacuna contra el COVID-19, AMLO llam\u00f3 a los adultos mayores a vacunarse tambi\u00e9n.<\/p>\n\n\n\n<p>\u201cNo duele, pero adem\u00e1s ayuda mucho y nos protege a todos. Hago un llamado a todos los adultos mayores para que todos nos vacunemos. No hay ning\u00fan riesgo\u201d, expres\u00f3 tras ser vacunado el mandatario, de 67 a\u00f1os de edad.<\/p>\n\n\n\n<p>Previamente, L\u00f3pez Obrador dijo estar \u201cmuy tranquilo\u201d, con \u201ccabeza fr\u00eda y coraz\u00f3n caliente\u201d, y tras la vacunaci\u00f3n brome\u00f3 con que la enfermera, que portaba guantes, \u201ctiene las manos muy suaves\u201d.<\/p>\n\n\n\n<p>El presidente se retir\u00f3 de la conferencia ma\u00f1anera para permanecer en observaci\u00f3n durante 30 minutos por posibles efectos adversos, como dolor en la zona de la inyecci\u00f3n.<\/p>\n\n\n\n<p>Desde que llegaron las primeras dosis a M\u00e9xico en diciembre del a\u00f1o pasado, el presidente dijo que se vacunar\u00eda cuando le tocara por rango de edad y critic\u00f3 duramente las llamadas vacunaciones VIP en otros pa\u00edses.<\/p>\n\n\n\n<p>Por ser mayor de 60 a\u00f1os y residir en el centro de Ciudad de M\u00e9xico, donde se ubica el Palacio Nacional, a L\u00f3pez Obrador le correspond\u00eda recibir su primera dosis a finales de marzo.<\/p>\n\n\n\n<p>Sin embargo, aplaz\u00f3 su vacunaci\u00f3n porque sus m\u00e9dicos le dijeron que ten\u00eda \u201csuficientes anticuerpos\u201d de cuando estuvo enfermo de COVID-19 en enero, durante dos semanas en las que suspendi\u00f3 por completo su agenda p\u00fablica.<\/p>\n\n\n\n<p>Finalmente, confirm\u00f3 que s\u00ed se vacunar\u00eda en su tradicional rueda de prensa matutina con AstraZeneca para dar ejemplo y demostrar que \u201cno hay riesgos\u201d y que \u201clas reacciones son normales\u201d.<\/p>\n\n\n\n<p>A diferencia de otros pa\u00edses, M\u00e9xico no ha puesto en duda en ning\u00fan momento la eficacia de la vacuna de AstraZeneca, que se ha aplicado con normalidad a mayores de 60 a\u00f1os.<\/p>\n\n\n\n<p>M\u00e9xico tambi\u00e9n cuenta con dosis de la estadounidense Pfizer, la rusa Sputnik V y las chinas Sinovac y CanSino.<\/p>\n\n\n\n<p>Este martes inici\u00f3 tambi\u00e9n la vacunaci\u00f3n a maestros que se sumaron al personal de salud y a los adultos mayores de 60 a\u00f1os.<\/p>\n\n\n\n<p>Con m\u00e1s de 212 mil muertos y 2.3 millones de contagios confirmados, M\u00e9xico es el tercer pa\u00eds del mundo con mayor n\u00famero de decesos, despu\u00e9s de Estados Unidos y Brasil, y ha aplicado hasta ahora 14.3 millones de dosis de distintas vacunas. (Fuente: Noticieros Televisa)<\/p>\n","protected":false},"excerpt":{"rendered":"<p>(Redaccion) \u201cNo duele, pero adem\u00e1s ayuda mucho y nos protege a todos. Hago un llamado a todos los adultos mayores para que todos nos vacunemos. No hay ning\u00fan riesgo\u201d, expres\u00f3 tras ser vacunado el mandatario, de 67 a\u00f1os de edad Ciudad de M\u00e9xico a 20 de abril de 2021.- El presidente, Andr\u00e9s Manuel L\u00f3pez Obrador [&hellip;]<\/p>\n","protected":false},"author":1,"featured_media":179559,"comment_status":"open","ping_status":"open","sticky":false,"template":"","format":"standard","meta":{"footnotes":""},"categories":[8],"tags":[],"class_list":["post-179558","post","type-post","status-publish","format-standard","has-post-thumbnail","hentry","category-pais","entry","has-media"],"jetpack_featured_media_url":"http:\/\/vertienteglobal.com\/wp-content\/uploads\/2021\/04\/amlo-se-vacuna-contra-covid-19-en-la-mananera-con-astrazeneca-640x330-1.jpg","_links":{"self":[{"href":"http:\/\/vertienteglobal.com\/index.php?rest_route=\/wp\/v2\/posts\/179558","targetHints":{"allow":["GET"]}}],"collection":[{"href":"http:\/\/vertienteglobal.com\/index.php?rest_route=\/wp\/v2\/posts"}],"about":[{"href":"http:\/\/vertienteglobal.com\/index.php?rest_route=\/wp\/v2\/types\/post"}],"author":[{"embeddable":true,"href":"http:\/\/vertienteglobal.com\/index.php?rest_route=\/wp\/v2\/users\/1"}],"replies":[{"embeddable":true,"href":"http:\/\/vertienteglobal.com\/index.php?rest_route=%2Fwp%2Fv2%2Fcomments&post=179558"}],"version-history":[{"count":0,"href":"http:\/\/vertienteglobal.com\/index.php?rest_route=\/wp\/v2\/posts\/179558\/revisions"}],"wp:featuredmedia":[{"embeddable":true,"href":"http:\/\/vertienteglobal.com\/index.php?rest_route=\/wp\/v2\/media\/179559"}],"wp:attachment":[{"href":"http:\/\/vertienteglobal.com\/index.php?rest_route=%2Fwp%2Fv2%2Fmedia&parent=179558"}],"wp:term":[{"taxonomy":"category","embeddable":true,"href":"http:\/\/vertienteglobal.com\/index.php?rest_route=%2Fwp%2Fv2%2Fcategories&post=179558"},{"taxonomy":"post_tag","embeddable":true,"href":"http:\/\/vertienteglobal.com\/index.php?rest_route=%2Fwp%2Fv2%2Ftags&post=179558"}],"curies":[{"name":"wp","href":"https:\/\/api.w.org\/{rel}","templated":true}]}}