{"id":179494,"date":"2021-04-18T17:52:00","date_gmt":"2021-04-18T22:52:00","guid":{"rendered":"http:\/\/vertienteglobal.com\/?p=179494"},"modified":"2021-04-18T22:54:06","modified_gmt":"2021-04-19T03:54:06","slug":"hechos-no-promesas-mi-principal-respaldo-renan-barrera","status":"publish","type":"post","link":"http:\/\/vertienteglobal.com\/?p=179494","title":{"rendered":"Hechos, no promesas, mi principal respaldo: Ren\u00e1n Barrera"},"content":{"rendered":"\n<div class=\"twitterbutton\" style=\"float: right; padding-left: 5px;\"><a href=\"http:\/\/twitter.com\/share\" class=\"twitter-share-button\" data-count=\"horizontal\" data-text=\"Hechos, no promesas, mi principal respaldo: Ren\u00e1n Barrera\" data-via=\"https:\/\/twitter.com\/VertienteGloba1\" data-url=\"http:\/\/vertienteglobal.com\/?p=179494\" data-lang=\"es\" data-related=\"Informaci\u00f3n general:S\u00edguenos para que est\u00e9ss informado\"><\/a><\/div>\n<figure class=\"wp-block-image size-large\"><img loading=\"lazy\" decoding=\"async\" width=\"660\" height=\"330\" src=\"http:\/\/vertienteglobal.com\/wp-content\/uploads\/2021\/04\/18ABRIL21-RBC-MOLAS-7-660x330-1.jpeg\" alt=\"\" class=\"wp-image-179495\" srcset=\"http:\/\/vertienteglobal.com\/wp-content\/uploads\/2021\/04\/18ABRIL21-RBC-MOLAS-7-660x330-1.jpeg 660w, http:\/\/vertienteglobal.com\/wp-content\/uploads\/2021\/04\/18ABRIL21-RBC-MOLAS-7-660x330-1-300x150.jpeg 300w, http:\/\/vertienteglobal.com\/wp-content\/uploads\/2021\/04\/18ABRIL21-RBC-MOLAS-7-660x330-1-150x75.jpeg 150w\" sizes=\"auto, (max-width: 660px) 100vw, 660px\" \/><\/figure>\n\n\n\n<p>(Redacci\u00f3n)<\/p>\n\n\n\n<p><em>El aspirante del PAN lleva su proyecto \u201cM\u00e1s M\u00e9rida\u201d a vecinas y vecinos de la comisar\u00eda de Molas<\/em><\/p>\n\n\n\n<p>M\u00e9rida, 18 de abril de 2021. \u201cHoy, el futuro de M\u00e9rida est\u00e1 en dos caminos: entre Ren\u00e1n que lo conocen, que sabemos c\u00f3mo ha trabajado, que sabemos que, con adversidades, con pandemia, con tormentas y con una administraci\u00f3n quebrada que recib\u00ed en 2012, ha logrado sacar a M\u00e9rida adelante, o aquellos que les van a prometer maravillas, pero que en su \u00fanica oportunidad de gobernar lo \u00fanico que lograron fue un retroceso\u201d, subray\u00f3 el candidato del PAN a la Presidencia Municipal, Ren\u00e1n Barrera Concha.<\/p>\n\n\n\n<p>Esta ma\u00f1ana el aspirante panista, acompa\u00f1ado de la candidata a diputada local por el VII distrito, Dafne L\u00f3pez Osorio, recorri\u00f3 la comisar\u00eda de Molas para platicar de \u201cM\u00e1s M\u00e9rida\u201d, un proyecto de campa\u00f1a que est\u00e1 dise\u00f1ado para el bienestar y desarrollo de todas y todos los ciudadanos del municipio.<\/p>\n\n\n\n<p>Entre v\u00edtores y palabras de agradecimiento, Ren\u00e1n fue recibido por los vecinos tanto a las puertas de sus hogares, como en el parque principal de la comunidad. En ambos casos el denominador com\u00fan fue la manifestaci\u00f3n para apoyarlo en las urnas el pr\u00f3ximo 6 de junio.<\/p>\n\n\n\n<p>\u201cGracias por todo lo que has hecho en nuestra comisar\u00eda Ren\u00e1n, tienes mi voto y el de mi familia porque queremos m\u00e1s M\u00e9rida\u201d, expres\u00f3 Yolanda Zapata, vecina de Molas.<\/p>\n\n\n\n<p>Barrera Concha se\u00f1al\u00f3 que en los pr\u00f3ximos tres a\u00f1os su administraci\u00f3n continuar\u00e1 trabajando en todas las comisar\u00edas de M\u00e9rida, dot\u00e1ndolas de m\u00e1s espacios p\u00fablicos, m\u00e1s infraestructura en pavimentaci\u00f3n y banquetas, m\u00e1s acciones de vivienda, m\u00e1s alumbrado p\u00fablico y m\u00e1s red de agua potable \u201cporque yo soy un candidato de hechos, no de promesas\u201d.<\/p>\n\n\n\n<p>\u201cUna gran carta de presentaci\u00f3n que tenemos es que lo que estamos diciendo no es de palabra, sino que los hechos nos respaldan y ese reconocimiento se ve aqu\u00ed en Molas, precisamente en este espacio donde se est\u00e1 realizando la remodelaci\u00f3n del parque; estos son hechos nos son discursos, ni promesas\u201d, remarc\u00f3.<\/p>\n\n\n\n<p>Mencion\u00f3 que en su pr\u00f3ximo gobierno se atender\u00e1n dos necesidades muy importantes para la ciudadan\u00eda: salud y desarrollo econ\u00f3mico.<\/p>\n\n\n\n<p>\u201cEstas son las dos pol\u00edticas que vamos a impulsar para que haya m\u00e1s acceso de cr\u00e9ditos para mujeres, m\u00e1s accesos para los micro y peque\u00f1os negocios, adem\u00e1s de que junto con las comisarias y comisarios seguiremos trabajando para el desarrollo de las comunidades\u201d, abund\u00f3.<\/p>\n\n\n\n<p>El abanderado de Acci\u00f3n Nacional record\u00f3 que gracias a los 30 a\u00f1os que ha gobernado el PAN en este municipio, M\u00e9rida es considerada como la mejor ciudad del pa\u00eds, por lo que invit\u00f3 a los vecinos y vecinas a refrendar su apoyo para tener M\u00e1s M\u00e9rida.<\/p>\n\n\n\n<p>\u201cTenemos que seguir por el camino adecuado, y m\u00e1s en momentos de incertidumbre, lo que necesitamos son certezas. Cuentan con Ren\u00e1n como yo s\u00e9 que cuento con ustedes para que juntos hagamos M\u00e1s M\u00e9rida y votemos por m\u00e1s oportunidades para todas y todos\u201d, concluy\u00f3.<\/p>\n","protected":false},"excerpt":{"rendered":"<p>(Redacci\u00f3n) El aspirante del PAN lleva su proyecto \u201cM\u00e1s M\u00e9rida\u201d a vecinas y vecinos de la comisar\u00eda de Molas M\u00e9rida, 18 de abril de 2021. \u201cHoy, el futuro de M\u00e9rida est\u00e1 en dos caminos: entre Ren\u00e1n que lo conocen, que sabemos c\u00f3mo ha trabajado, que sabemos que, con adversidades, con pandemia, con tormentas y con [&hellip;]<\/p>\n","protected":false},"author":1,"featured_media":179495,"comment_status":"open","ping_status":"open","sticky":false,"template":"","format":"standard","meta":{"footnotes":""},"categories":[2],"tags":[],"class_list":["post-179494","post","type-post","status-publish","format-standard","has-post-thumbnail","hentry","category-yucatan","entry","has-media"],"jetpack_featured_media_url":"http:\/\/vertienteglobal.com\/wp-content\/uploads\/2021\/04\/18ABRIL21-RBC-MOLAS-7-660x330-1.jpeg","_links":{"self":[{"href":"http:\/\/vertienteglobal.com\/index.php?rest_route=\/wp\/v2\/posts\/179494","targetHints":{"allow":["GET"]}}],"collection":[{"href":"http:\/\/vertienteglobal.com\/index.php?rest_route=\/wp\/v2\/posts"}],"about":[{"href":"http:\/\/vertienteglobal.com\/index.php?rest_route=\/wp\/v2\/types\/post"}],"author":[{"embeddable":true,"href":"http:\/\/vertienteglobal.com\/index.php?rest_route=\/wp\/v2\/users\/1"}],"replies":[{"embeddable":true,"href":"http:\/\/vertienteglobal.com\/index.php?rest_route=%2Fwp%2Fv2%2Fcomments&post=179494"}],"version-history":[{"count":0,"href":"http:\/\/vertienteglobal.com\/index.php?rest_route=\/wp\/v2\/posts\/179494\/revisions"}],"wp:featuredmedia":[{"embeddable":true,"href":"http:\/\/vertienteglobal.com\/index.php?rest_route=\/wp\/v2\/media\/179495"}],"wp:attachment":[{"href":"http:\/\/vertienteglobal.com\/index.php?rest_route=%2Fwp%2Fv2%2Fmedia&parent=179494"}],"wp:term":[{"taxonomy":"category","embeddable":true,"href":"http:\/\/vertienteglobal.com\/index.php?rest_route=%2Fwp%2Fv2%2Fcategories&post=179494"},{"taxonomy":"post_tag","embeddable":true,"href":"http:\/\/vertienteglobal.com\/index.php?rest_route=%2Fwp%2Fv2%2Ftags&post=179494"}],"curies":[{"name":"wp","href":"https:\/\/api.w.org\/{rel}","templated":true}]}}