{"id":179035,"date":"2021-04-09T19:19:00","date_gmt":"2021-04-10T00:19:00","guid":{"rendered":"http:\/\/vertienteglobal.com\/?p=179035"},"modified":"2021-04-09T19:56:08","modified_gmt":"2021-04-10T00:56:08","slug":"ocho-estados-se-encuentran-en-semaforo-verde-por-covid-19","status":"publish","type":"post","link":"http:\/\/vertienteglobal.com\/?p=179035","title":{"rendered":"Ocho estados se encuentran en Sem\u00e1foro Verde por COVID-19"},"content":{"rendered":"\n<div class=\"twitterbutton\" style=\"float: right; padding-left: 5px;\"><a href=\"http:\/\/twitter.com\/share\" class=\"twitter-share-button\" data-count=\"horizontal\" data-text=\"Ocho estados se encuentran en Sem\u00e1foro Verde por COVID-19\" data-via=\"https:\/\/twitter.com\/VertienteGloba1\" data-url=\"http:\/\/vertienteglobal.com\/?p=179035\" data-lang=\"es\" data-related=\"Informaci\u00f3n general:S\u00edguenos para que est\u00e9ss informado\"><\/a><\/div>\n<figure class=\"wp-block-image size-large\"><img loading=\"lazy\" decoding=\"async\" width=\"1024\" height=\"576\" src=\"http:\/\/vertienteglobal.com\/wp-content\/uploads\/2021\/04\/140008.jpg\" alt=\"\" class=\"wp-image-179036\" srcset=\"http:\/\/vertienteglobal.com\/wp-content\/uploads\/2021\/04\/140008.jpg 1024w, http:\/\/vertienteglobal.com\/wp-content\/uploads\/2021\/04\/140008-300x169.jpg 300w, http:\/\/vertienteglobal.com\/wp-content\/uploads\/2021\/04\/140008-150x84.jpg 150w, http:\/\/vertienteglobal.com\/wp-content\/uploads\/2021\/04\/140008-768x432.jpg 768w\" sizes=\"auto, (max-width: 1024px) 100vw, 1024px\" \/><\/figure>\n\n\n\n<p>(Redacci\u00f3n)<\/p>\n\n\n\n<p>A partir del 12 al 25 de abril, 5 entidades se encuentran en naranja, 19 en amarillo<\/p>\n\n\n\n<p>Ciudad de M\u00e9xico a 09 de abril de 2021.- El director general de Epidemiolog\u00eda, Jos\u00e9 Luis Alom\u00eda Zegarra, inform\u00f3 que ocho estados se encuentran en el nivel de menor riesgo de la epidemia por el coronavirus: Campeche, Chiapas, Veracruz, Oaxaca, Nayarit, Nuevo Le\u00f3n, Tamaulipas y Coahuila.<\/p>\n\n\n\n<p>Asimismo, la Secretar\u00eda de Salud report\u00f3 que ning\u00fan estado se encuentra en sem\u00e1foro de riesgo epid\u00e9mico.<\/p>\n\n\n\n<p>A partir del 12 al 25 de abril, 5 entidades se encuentran en naranja, 19 en amarillo.<\/p>\n","protected":false},"excerpt":{"rendered":"<p>(Redacci\u00f3n) A partir del 12 al 25 de abril, 5 entidades se encuentran en naranja, 19 en amarillo Ciudad de M\u00e9xico a 09 de abril de 2021.- El director general de Epidemiolog\u00eda, Jos\u00e9 Luis Alom\u00eda Zegarra, inform\u00f3 que ocho estados se encuentran en el nivel de menor riesgo de la epidemia por el coronavirus: Campeche, [&hellip;]<\/p>\n","protected":false},"author":1,"featured_media":179036,"comment_status":"open","ping_status":"open","sticky":false,"template":"","format":"standard","meta":{"footnotes":""},"categories":[8],"tags":[],"class_list":["post-179035","post","type-post","status-publish","format-standard","has-post-thumbnail","hentry","category-pais","entry","has-media"],"jetpack_featured_media_url":"http:\/\/vertienteglobal.com\/wp-content\/uploads\/2021\/04\/140008.jpg","_links":{"self":[{"href":"http:\/\/vertienteglobal.com\/index.php?rest_route=\/wp\/v2\/posts\/179035","targetHints":{"allow":["GET"]}}],"collection":[{"href":"http:\/\/vertienteglobal.com\/index.php?rest_route=\/wp\/v2\/posts"}],"about":[{"href":"http:\/\/vertienteglobal.com\/index.php?rest_route=\/wp\/v2\/types\/post"}],"author":[{"embeddable":true,"href":"http:\/\/vertienteglobal.com\/index.php?rest_route=\/wp\/v2\/users\/1"}],"replies":[{"embeddable":true,"href":"http:\/\/vertienteglobal.com\/index.php?rest_route=%2Fwp%2Fv2%2Fcomments&post=179035"}],"version-history":[{"count":0,"href":"http:\/\/vertienteglobal.com\/index.php?rest_route=\/wp\/v2\/posts\/179035\/revisions"}],"wp:featuredmedia":[{"embeddable":true,"href":"http:\/\/vertienteglobal.com\/index.php?rest_route=\/wp\/v2\/media\/179036"}],"wp:attachment":[{"href":"http:\/\/vertienteglobal.com\/index.php?rest_route=%2Fwp%2Fv2%2Fmedia&parent=179035"}],"wp:term":[{"taxonomy":"category","embeddable":true,"href":"http:\/\/vertienteglobal.com\/index.php?rest_route=%2Fwp%2Fv2%2Fcategories&post=179035"},{"taxonomy":"post_tag","embeddable":true,"href":"http:\/\/vertienteglobal.com\/index.php?rest_route=%2Fwp%2Fv2%2Ftags&post=179035"}],"curies":[{"name":"wp","href":"https:\/\/api.w.org\/{rel}","templated":true}]}}