{"id":178693,"date":"2021-04-02T13:24:00","date_gmt":"2021-04-02T19:24:00","guid":{"rendered":"http:\/\/vertienteglobal.com\/?p=178693"},"modified":"2021-04-03T13:19:09","modified_gmt":"2021-04-03T19:19:09","slug":"garantiza-cancun-playas-seguras-para-vacacionistas-de-semana-santa","status":"publish","type":"post","link":"http:\/\/vertienteglobal.com\/?p=178693","title":{"rendered":"Garantiza Canc\u00fan playas seguras para vacacionistas de semana santa"},"content":{"rendered":"\n<div class=\"twitterbutton\" style=\"float: right; padding-left: 5px;\"><a href=\"http:\/\/twitter.com\/share\" class=\"twitter-share-button\" data-count=\"horizontal\" data-text=\"Garantiza Canc\u00fan playas seguras para vacacionistas de semana santa\" data-via=\"https:\/\/twitter.com\/VertienteGloba1\" data-url=\"http:\/\/vertienteglobal.com\/?p=178693\" data-lang=\"es\" data-related=\"Informaci\u00f3n general:S\u00edguenos para que est\u00e9ss informado\"><\/a><\/div>\n<figure class=\"wp-block-image size-large\"><img loading=\"lazy\" decoding=\"async\" width=\"1024\" height=\"673\" src=\"http:\/\/vertienteglobal.com\/wp-content\/uploads\/2021\/04\/01-GARANTIZA-CANCUN-PLAYAS-SEGURAS-PARA-VACACIONISTAS-DE-SEMANA-SANTA-1024x673.jpeg\" alt=\"\" class=\"wp-image-178694\" srcset=\"http:\/\/vertienteglobal.com\/wp-content\/uploads\/2021\/04\/01-GARANTIZA-CANCUN-PLAYAS-SEGURAS-PARA-VACACIONISTAS-DE-SEMANA-SANTA-1024x673.jpeg 1024w, http:\/\/vertienteglobal.com\/wp-content\/uploads\/2021\/04\/01-GARANTIZA-CANCUN-PLAYAS-SEGURAS-PARA-VACACIONISTAS-DE-SEMANA-SANTA-300x197.jpeg 300w, http:\/\/vertienteglobal.com\/wp-content\/uploads\/2021\/04\/01-GARANTIZA-CANCUN-PLAYAS-SEGURAS-PARA-VACACIONISTAS-DE-SEMANA-SANTA-150x99.jpeg 150w, http:\/\/vertienteglobal.com\/wp-content\/uploads\/2021\/04\/01-GARANTIZA-CANCUN-PLAYAS-SEGURAS-PARA-VACACIONISTAS-DE-SEMANA-SANTA-768x505.jpeg 768w, http:\/\/vertienteglobal.com\/wp-content\/uploads\/2021\/04\/01-GARANTIZA-CANCUN-PLAYAS-SEGURAS-PARA-VACACIONISTAS-DE-SEMANA-SANTA.jpeg 1280w\" sizes=\"auto, (max-width: 1024px) 100vw, 1024px\" \/><\/figure>\n\n\n\n<p>(Antonio Rivera)<\/p>\n\n\n\n<p>Gracias a la gesti\u00f3n municipal, el destino cuenta con certificados internacionales sobre la calidad de los arenales<\/p>\n\n\n\n<p>Canc\u00fan, Quintana Roo., 02 de abril de 2021.-&nbsp;El gobierno municipal de Benito Ju\u00e1rez mantiene una serie de medidas en las 7 playas p\u00fablicas de Canc\u00fan, con el objetivo de garantizar la seguridad e integridad tanto f\u00edsica como sanitaria de los vacacionistas durante esta Semana Santa.<\/p>\n\n\n\n<p>En cuanto a la calidad del agua, 10 puntos del destino cuentan con el distintivo Blue Flag (bandera azul), una certificaci\u00f3n internacional otorgada por la Fundaci\u00f3n Europea de Educaci\u00f3n Ambiental (FEE por sus siglas en ingl\u00e9s).<br>Para que las playas puedan ser consideradas dentro de esa certificaci\u00f3n deben cumplir 33 criterios, en cuatro categor\u00edas: Calidad del agua; Informaci\u00f3n y educaci\u00f3n ambiental; Seguridad y servicios; as\u00ed como Gesti\u00f3n y manejo ambiental.<\/p>\n\n\n\n<p>Adem\u00e1s otras cuatro son consideradas como Playa Platino, que toman en cuenta la belleza, excelencia ambiental, seguridad, instalaciones, se\u00f1alizaci\u00f3n y accesibilidad; incluyendo otros tres certificados de playas limpias y sustentables (bandera blanca).<br>Sin embargo, el gobierno no se limita a ello, sino que ante la situaci\u00f3n actual relacionada con la pandemia, en cada playa se han reforzado las medidas para proteger la salud de los ba\u00f1istas.<\/p>\n\n\n\n<p>\u201cUna ciudad que naci\u00f3 con los brazos abiertos, est\u00e1 lista de nuevo para recibir a nuevos visitantes despu\u00e9s del a\u00f1o m\u00e1s dif\u00edcil y complicado de nuestra historia. Ni huracanes, ni tormentas, ni pandemias han podido doblegarnos\u201d, destac\u00f3 en entrevista la presidente municipal Mara Lezama.<\/p>\n\n\n\n<p>En cuanto a la imagen y servicios, los 7 balnearios p\u00fablicos cuentan con sus torres salvavidas, palapas, ba\u00f1os y regaderas, de las cuales, muchos tuvieron que ser reconstruidas despu\u00e9s del pasado de las tormentas y huracanes de 2020.<\/p>\n\n\n\n<p>Al respecto, Vagner Elbiorn Vega, director de la Zona Federal Mar\u00edtimo Terrestre (ZOFEMAT), detall\u00f3 que en ninguna playa se permite el acceso si no se siguen los protocolos de ingreso, sobre todo la sana distancia obligatoria.<\/p>\n\n\n\n<figure class=\"wp-block-image size-large\"><img loading=\"lazy\" decoding=\"async\" width=\"1024\" height=\"693\" src=\"http:\/\/vertienteglobal.com\/wp-content\/uploads\/2021\/04\/04-GARANTIZA-CANCUN-PLAYAS-SEGURAS-PARA-VACACIONISTAS-DE-SEMANA-SANTA-1024x693.jpeg\" alt=\"\" class=\"wp-image-178695\" srcset=\"http:\/\/vertienteglobal.com\/wp-content\/uploads\/2021\/04\/04-GARANTIZA-CANCUN-PLAYAS-SEGURAS-PARA-VACACIONISTAS-DE-SEMANA-SANTA-1024x693.jpeg 1024w, http:\/\/vertienteglobal.com\/wp-content\/uploads\/2021\/04\/04-GARANTIZA-CANCUN-PLAYAS-SEGURAS-PARA-VACACIONISTAS-DE-SEMANA-SANTA-300x203.jpeg 300w, http:\/\/vertienteglobal.com\/wp-content\/uploads\/2021\/04\/04-GARANTIZA-CANCUN-PLAYAS-SEGURAS-PARA-VACACIONISTAS-DE-SEMANA-SANTA-150x101.jpeg 150w, http:\/\/vertienteglobal.com\/wp-content\/uploads\/2021\/04\/04-GARANTIZA-CANCUN-PLAYAS-SEGURAS-PARA-VACACIONISTAS-DE-SEMANA-SANTA-768x520.jpeg 768w, http:\/\/vertienteglobal.com\/wp-content\/uploads\/2021\/04\/04-GARANTIZA-CANCUN-PLAYAS-SEGURAS-PARA-VACACIONISTAS-DE-SEMANA-SANTA.jpeg 1280w\" sizes=\"auto, (max-width: 1024px) 100vw, 1024px\" \/><\/figure>\n\n\n\n<figure class=\"wp-block-image size-large\"><img loading=\"lazy\" decoding=\"async\" width=\"1024\" height=\"665\" src=\"http:\/\/vertienteglobal.com\/wp-content\/uploads\/2021\/04\/02-GARANTIZA-CANCUN-PLAYAS-SEGURAS-PARA-VACACIONISTAS-DE-SEMANA-SANTA-1024x665.jpeg\" alt=\"\" class=\"wp-image-178696\" srcset=\"http:\/\/vertienteglobal.com\/wp-content\/uploads\/2021\/04\/02-GARANTIZA-CANCUN-PLAYAS-SEGURAS-PARA-VACACIONISTAS-DE-SEMANA-SANTA-1024x665.jpeg 1024w, http:\/\/vertienteglobal.com\/wp-content\/uploads\/2021\/04\/02-GARANTIZA-CANCUN-PLAYAS-SEGURAS-PARA-VACACIONISTAS-DE-SEMANA-SANTA-300x195.jpeg 300w, http:\/\/vertienteglobal.com\/wp-content\/uploads\/2021\/04\/02-GARANTIZA-CANCUN-PLAYAS-SEGURAS-PARA-VACACIONISTAS-DE-SEMANA-SANTA-150x97.jpeg 150w, http:\/\/vertienteglobal.com\/wp-content\/uploads\/2021\/04\/02-GARANTIZA-CANCUN-PLAYAS-SEGURAS-PARA-VACACIONISTAS-DE-SEMANA-SANTA-768x499.jpeg 768w, http:\/\/vertienteglobal.com\/wp-content\/uploads\/2021\/04\/02-GARANTIZA-CANCUN-PLAYAS-SEGURAS-PARA-VACACIONISTAS-DE-SEMANA-SANTA.jpeg 1280w\" sizes=\"auto, (max-width: 1024px) 100vw, 1024px\" \/><\/figure>\n\n\n\n<figure class=\"wp-block-image size-large\"><img loading=\"lazy\" decoding=\"async\" width=\"1024\" height=\"720\" src=\"http:\/\/vertienteglobal.com\/wp-content\/uploads\/2021\/04\/03-GARANTIZA-CANCUN-PLAYAS-SEGURAS-PARA-VACACIONISTAS-DE-SEMANA-SANTA-1024x720.jpeg\" alt=\"\" class=\"wp-image-178697\" srcset=\"http:\/\/vertienteglobal.com\/wp-content\/uploads\/2021\/04\/03-GARANTIZA-CANCUN-PLAYAS-SEGURAS-PARA-VACACIONISTAS-DE-SEMANA-SANTA-1024x720.jpeg 1024w, http:\/\/vertienteglobal.com\/wp-content\/uploads\/2021\/04\/03-GARANTIZA-CANCUN-PLAYAS-SEGURAS-PARA-VACACIONISTAS-DE-SEMANA-SANTA-300x211.jpeg 300w, http:\/\/vertienteglobal.com\/wp-content\/uploads\/2021\/04\/03-GARANTIZA-CANCUN-PLAYAS-SEGURAS-PARA-VACACIONISTAS-DE-SEMANA-SANTA-150x105.jpeg 150w, http:\/\/vertienteglobal.com\/wp-content\/uploads\/2021\/04\/03-GARANTIZA-CANCUN-PLAYAS-SEGURAS-PARA-VACACIONISTAS-DE-SEMANA-SANTA-768x540.jpeg 768w, http:\/\/vertienteglobal.com\/wp-content\/uploads\/2021\/04\/03-GARANTIZA-CANCUN-PLAYAS-SEGURAS-PARA-VACACIONISTAS-DE-SEMANA-SANTA.jpeg 1280w\" sizes=\"auto, (max-width: 1024px) 100vw, 1024px\" \/><\/figure>\n\n\n\n<figure class=\"wp-block-image size-large\"><img loading=\"lazy\" decoding=\"async\" width=\"680\" height=\"680\" src=\"http:\/\/vertienteglobal.com\/wp-content\/uploads\/2021\/04\/Ex_hpM4WQAEnHbd.jpeg\" alt=\"\" class=\"wp-image-178698\" srcset=\"http:\/\/vertienteglobal.com\/wp-content\/uploads\/2021\/04\/Ex_hpM4WQAEnHbd.jpeg 680w, http:\/\/vertienteglobal.com\/wp-content\/uploads\/2021\/04\/Ex_hpM4WQAEnHbd-300x300.jpeg 300w, http:\/\/vertienteglobal.com\/wp-content\/uploads\/2021\/04\/Ex_hpM4WQAEnHbd-150x150.jpeg 150w\" sizes=\"auto, (max-width: 680px) 100vw, 680px\" \/><\/figure>\n","protected":false},"excerpt":{"rendered":"<p>(Antonio Rivera) Gracias a la gesti\u00f3n municipal, el destino cuenta con certificados internacionales sobre la calidad de los arenales Canc\u00fan, Quintana Roo., 02 de abril de 2021.-&nbsp;El gobierno municipal de Benito Ju\u00e1rez mantiene una serie de medidas en las 7 playas p\u00fablicas de Canc\u00fan, con el objetivo de garantizar la seguridad e integridad tanto f\u00edsica [&hellip;]<\/p>\n","protected":false},"author":1,"featured_media":178694,"comment_status":"open","ping_status":"open","sticky":false,"template":"","format":"standard","meta":{"footnotes":""},"categories":[3],"tags":[],"class_list":["post-178693","post","type-post","status-publish","format-standard","has-post-thumbnail","hentry","category-quintana-roo","entry","has-media"],"jetpack_featured_media_url":"http:\/\/vertienteglobal.com\/wp-content\/uploads\/2021\/04\/01-GARANTIZA-CANCUN-PLAYAS-SEGURAS-PARA-VACACIONISTAS-DE-SEMANA-SANTA.jpeg","_links":{"self":[{"href":"http:\/\/vertienteglobal.com\/index.php?rest_route=\/wp\/v2\/posts\/178693","targetHints":{"allow":["GET"]}}],"collection":[{"href":"http:\/\/vertienteglobal.com\/index.php?rest_route=\/wp\/v2\/posts"}],"about":[{"href":"http:\/\/vertienteglobal.com\/index.php?rest_route=\/wp\/v2\/types\/post"}],"author":[{"embeddable":true,"href":"http:\/\/vertienteglobal.com\/index.php?rest_route=\/wp\/v2\/users\/1"}],"replies":[{"embeddable":true,"href":"http:\/\/vertienteglobal.com\/index.php?rest_route=%2Fwp%2Fv2%2Fcomments&post=178693"}],"version-history":[{"count":0,"href":"http:\/\/vertienteglobal.com\/index.php?rest_route=\/wp\/v2\/posts\/178693\/revisions"}],"wp:featuredmedia":[{"embeddable":true,"href":"http:\/\/vertienteglobal.com\/index.php?rest_route=\/wp\/v2\/media\/178694"}],"wp:attachment":[{"href":"http:\/\/vertienteglobal.com\/index.php?rest_route=%2Fwp%2Fv2%2Fmedia&parent=178693"}],"wp:term":[{"taxonomy":"category","embeddable":true,"href":"http:\/\/vertienteglobal.com\/index.php?rest_route=%2Fwp%2Fv2%2Fcategories&post=178693"},{"taxonomy":"post_tag","embeddable":true,"href":"http:\/\/vertienteglobal.com\/index.php?rest_route=%2Fwp%2Fv2%2Ftags&post=178693"}],"curies":[{"name":"wp","href":"https:\/\/api.w.org\/{rel}","templated":true}]}}