{"id":178482,"date":"2021-03-29T16:25:01","date_gmt":"2021-03-29T22:25:01","guid":{"rendered":"http:\/\/vertienteglobal.com\/?p=178482"},"modified":"2021-03-30T08:26:08","modified_gmt":"2021-03-30T14:26:08","slug":"repunta-un-20-por-ciento-la-demanda-de-pasaje-por-via-terrestre-a-campeche","status":"publish","type":"post","link":"http:\/\/vertienteglobal.com\/?p=178482","title":{"rendered":"Repunta un 20 por ciento la demanda de pasaje por v\u00eda terrestre a Campeche"},"content":{"rendered":"\n<div class=\"twitterbutton\" style=\"float: right; padding-left: 5px;\"><a href=\"http:\/\/twitter.com\/share\" class=\"twitter-share-button\" data-count=\"horizontal\" data-text=\"Repunta un 20 por ciento la demanda de pasaje por v\u00eda terrestre a Campeche\" data-via=\"https:\/\/twitter.com\/VertienteGloba1\" data-url=\"http:\/\/vertienteglobal.com\/?p=178482\" data-lang=\"es\" data-related=\"Informaci\u00f3n general:S\u00edguenos para que est\u00e9ss informado\"><\/a><\/div>\n<figure class=\"wp-block-image size-large\"><img loading=\"lazy\" decoding=\"async\" width=\"801\" height=\"600\" src=\"http:\/\/vertienteglobal.com\/wp-content\/uploads\/2021\/03\/ado_987.jpg\" alt=\"\" class=\"wp-image-178483\" srcset=\"http:\/\/vertienteglobal.com\/wp-content\/uploads\/2021\/03\/ado_987.jpg 801w, http:\/\/vertienteglobal.com\/wp-content\/uploads\/2021\/03\/ado_987-300x225.jpg 300w, http:\/\/vertienteglobal.com\/wp-content\/uploads\/2021\/03\/ado_987-150x112.jpg 150w, http:\/\/vertienteglobal.com\/wp-content\/uploads\/2021\/03\/ado_987-768x575.jpg 768w\" sizes=\"auto, (max-width: 801px) 100vw, 801px\" \/><\/figure>\n\n\n\n<p>(Redaccion)<\/p>\n\n\n\n<p>Adelant\u00f3 que de continuar en ascenso el n\u00famero de pasajeros se incrementar\u00e1 el n\u00famero de unidades en las rutas m\u00e1s demandadas evitando aglutinamiento al interior<\/p>\n\n\n\n<p>San Ftancisco de Campeche, Campeche, a 29 de marzo de 2021.-El gerente operativo, Carlos Toledo Ram\u00edrez, confirm\u00f3 el incremento de un 20 por ciento del pasaje reporta la l\u00ednea de autobuses de primera en el Estado, siendo las corridas hacia Canc\u00fan, M\u00e9rida y Tabasco las m\u00e1s demandadas.<\/p>\n\n\n\n<p>Como ya se esperaba durante el asueto, la demanda del pasaje es mayor, tanto de llegadas como de salidas pues tambi\u00e9n los campechanos han planeado sus viajes a entidades vecinas donde tienen familiares viviendo.<\/p>\n\n\n\n<p>Sin embargo, el repunte es menor al que se registr\u00f3 en 2019, \u00faltimo a\u00f1o en el que se desarroll\u00f3 el per\u00edodo vacacional de forma normal y es que record\u00f3 que el a\u00f1o pasado con la pandemia fue menor la afluencia de pasajeros y hasta se recortaron corridas.<\/p>\n\n\n\n<p>Adelant\u00f3 que de continuar en ascenso el n\u00famero de pasajeros se incrementar\u00e1 el n\u00famero de unidades en las rutas m\u00e1s demandadas evitando aglutinamiento al interior.<\/p>\n","protected":false},"excerpt":{"rendered":"<p>(Redaccion) Adelant\u00f3 que de continuar en ascenso el n\u00famero de pasajeros se incrementar\u00e1 el n\u00famero de unidades en las rutas m\u00e1s demandadas evitando aglutinamiento al interior San Ftancisco de Campeche, Campeche, a 29 de marzo de 2021.-El gerente operativo, Carlos Toledo Ram\u00edrez, confirm\u00f3 el incremento de un 20 por ciento del pasaje reporta la l\u00ednea [&hellip;]<\/p>\n","protected":false},"author":1,"featured_media":178483,"comment_status":"open","ping_status":"open","sticky":false,"template":"","format":"standard","meta":{"footnotes":""},"categories":[4],"tags":[],"class_list":["post-178482","post","type-post","status-publish","format-standard","has-post-thumbnail","hentry","category-campeche","entry","has-media"],"jetpack_featured_media_url":"http:\/\/vertienteglobal.com\/wp-content\/uploads\/2021\/03\/ado_987.jpg","_links":{"self":[{"href":"http:\/\/vertienteglobal.com\/index.php?rest_route=\/wp\/v2\/posts\/178482","targetHints":{"allow":["GET"]}}],"collection":[{"href":"http:\/\/vertienteglobal.com\/index.php?rest_route=\/wp\/v2\/posts"}],"about":[{"href":"http:\/\/vertienteglobal.com\/index.php?rest_route=\/wp\/v2\/types\/post"}],"author":[{"embeddable":true,"href":"http:\/\/vertienteglobal.com\/index.php?rest_route=\/wp\/v2\/users\/1"}],"replies":[{"embeddable":true,"href":"http:\/\/vertienteglobal.com\/index.php?rest_route=%2Fwp%2Fv2%2Fcomments&post=178482"}],"version-history":[{"count":0,"href":"http:\/\/vertienteglobal.com\/index.php?rest_route=\/wp\/v2\/posts\/178482\/revisions"}],"wp:featuredmedia":[{"embeddable":true,"href":"http:\/\/vertienteglobal.com\/index.php?rest_route=\/wp\/v2\/media\/178483"}],"wp:attachment":[{"href":"http:\/\/vertienteglobal.com\/index.php?rest_route=%2Fwp%2Fv2%2Fmedia&parent=178482"}],"wp:term":[{"taxonomy":"category","embeddable":true,"href":"http:\/\/vertienteglobal.com\/index.php?rest_route=%2Fwp%2Fv2%2Fcategories&post=178482"},{"taxonomy":"post_tag","embeddable":true,"href":"http:\/\/vertienteglobal.com\/index.php?rest_route=%2Fwp%2Fv2%2Ftags&post=178482"}],"curies":[{"name":"wp","href":"https:\/\/api.w.org\/{rel}","templated":true}]}}