{"id":178407,"date":"2021-03-28T18:50:00","date_gmt":"2021-03-29T00:50:00","guid":{"rendered":"http:\/\/vertienteglobal.com\/?p=178407"},"modified":"2021-03-28T19:58:25","modified_gmt":"2021-03-29T01:58:25","slug":"arquidiocesis-de-xalapa-transmitira-ceremonias-de-semana-santa-por-redes-sociales","status":"publish","type":"post","link":"http:\/\/vertienteglobal.com\/?p=178407","title":{"rendered":"Arquidi\u00f3cesis de Xalapa transmitir\u00e1 ceremonias de Semana Santa por redes sociales"},"content":{"rendered":"\n<div class=\"twitterbutton\" style=\"float: right; padding-left: 5px;\"><a href=\"http:\/\/twitter.com\/share\" class=\"twitter-share-button\" data-count=\"horizontal\" data-text=\"Arquidi\u00f3cesis de Xalapa transmitir\u00e1 ceremonias de Semana Santa por redes socia...\" data-via=\"https:\/\/twitter.com\/VertienteGloba1\" data-url=\"http:\/\/vertienteglobal.com\/?p=178407\" data-lang=\"es\" data-related=\"Informaci\u00f3n general:S\u00edguenos para que est\u00e9ss informado\"><\/a><\/div>\n<figure class=\"wp-block-image size-large\"><img loading=\"lazy\" decoding=\"async\" width=\"1024\" height=\"636\" src=\"http:\/\/vertienteglobal.com\/wp-content\/uploads\/2021\/03\/1150897-1.jpg\" alt=\"\" class=\"wp-image-178408\" srcset=\"http:\/\/vertienteglobal.com\/wp-content\/uploads\/2021\/03\/1150897-1.jpg 1024w, http:\/\/vertienteglobal.com\/wp-content\/uploads\/2021\/03\/1150897-1-300x186.jpg 300w, http:\/\/vertienteglobal.com\/wp-content\/uploads\/2021\/03\/1150897-1-150x93.jpg 150w, http:\/\/vertienteglobal.com\/wp-content\/uploads\/2021\/03\/1150897-1-768x477.jpg 768w\" sizes=\"auto, (max-width: 1024px) 100vw, 1024px\" \/><\/figure>\n\n\n\n<p>(Redacci\u00f3n)<\/p>\n\n\n\n<p>El jueves santo la misa de la \u00faltima cena se realizar\u00e1 a las 18 horas y posteriormente se llevar\u00e1 a cabo la procesi\u00f3n del sant\u00edsimo por las principales calles de la capital y posteriormente habr\u00e1 momentos de adoraci\u00f3n eucar\u00edstica hasta las 23 horas<\/p>\n\n\n\n<p>Xalapa, Veracruz, a 28 de marzo de 2021.- La Arquidi\u00f3cesis de Xalapa inform\u00f3 que a trav\u00e9s de distintas plataformas se transmitir\u00e1n las ceremonias de Semana Santa para evitar contagios de covid-19.<\/p>\n\n\n\n<p>Para esta Semana Santa la celebraci\u00f3n de la eucarist\u00eda se realizar\u00e1 los d\u00edas lunes, martes y mi\u00e9rcoles a las 8:30 de la ma\u00f1ana y a las 18 horas.<\/p>\n\n\n\n<p>El jueves santo la misa de la \u00faltima cena se realizar\u00e1 a las 18 horas y posteriormente se llevar\u00e1 a cabo la procesi\u00f3n del sant\u00edsimo por las principales calles de la capital y posteriormente habr\u00e1 momentos de adoraci\u00f3n eucar\u00edstica hasta las 23 horas.<\/p>\n\n\n\n<p>El viernes se realizar\u00e1 el viacrucis a las 11 de la ma\u00f1ana, con la celebraci\u00f3n de las siete palabras y los oficios del viernes santo a las 18 horas.<\/p>\n\n\n\n<p>Posteriormente como no habr\u00e1 procesi\u00f3n del silencio, la Virgen de la Soledad se colocar\u00e1 en una camioneta para que recorra las calles de la ciudad.<\/p>\n\n\n\n<p>El s\u00e1bado de gloria, la vigilia pascual se realizar\u00e1 a las 21 horas. Y el domingo celebraciones a las 10:30, 12:30, 18 y 20 horas.<\/p>\n\n\n\n<p>Record\u00f3 que se invita a los feligreses a llegar temprano a las celebraciones eucar\u00edsticas pues una vez ocupados los lugares disponibles, se cerrar\u00e1n las puertas y nadie podr\u00e1 entrar.<br>(Fuente y foto: AVC)<\/p>\n","protected":false},"excerpt":{"rendered":"<p>(Redacci\u00f3n) El jueves santo la misa de la \u00faltima cena se realizar\u00e1 a las 18 horas y posteriormente se llevar\u00e1 a cabo la procesi\u00f3n del sant\u00edsimo por las principales calles de la capital y posteriormente habr\u00e1 momentos de adoraci\u00f3n eucar\u00edstica hasta las 23 horas Xalapa, Veracruz, a 28 de marzo de 2021.- La Arquidi\u00f3cesis de [&hellip;]<\/p>\n","protected":false},"author":1,"featured_media":178408,"comment_status":"open","ping_status":"open","sticky":false,"template":"","format":"standard","meta":{"footnotes":""},"categories":[7],"tags":[],"class_list":["post-178407","post","type-post","status-publish","format-standard","has-post-thumbnail","hentry","category-veracruz","entry","has-media"],"jetpack_featured_media_url":"http:\/\/vertienteglobal.com\/wp-content\/uploads\/2021\/03\/1150897-1.jpg","_links":{"self":[{"href":"http:\/\/vertienteglobal.com\/index.php?rest_route=\/wp\/v2\/posts\/178407","targetHints":{"allow":["GET"]}}],"collection":[{"href":"http:\/\/vertienteglobal.com\/index.php?rest_route=\/wp\/v2\/posts"}],"about":[{"href":"http:\/\/vertienteglobal.com\/index.php?rest_route=\/wp\/v2\/types\/post"}],"author":[{"embeddable":true,"href":"http:\/\/vertienteglobal.com\/index.php?rest_route=\/wp\/v2\/users\/1"}],"replies":[{"embeddable":true,"href":"http:\/\/vertienteglobal.com\/index.php?rest_route=%2Fwp%2Fv2%2Fcomments&post=178407"}],"version-history":[{"count":0,"href":"http:\/\/vertienteglobal.com\/index.php?rest_route=\/wp\/v2\/posts\/178407\/revisions"}],"wp:featuredmedia":[{"embeddable":true,"href":"http:\/\/vertienteglobal.com\/index.php?rest_route=\/wp\/v2\/media\/178408"}],"wp:attachment":[{"href":"http:\/\/vertienteglobal.com\/index.php?rest_route=%2Fwp%2Fv2%2Fmedia&parent=178407"}],"wp:term":[{"taxonomy":"category","embeddable":true,"href":"http:\/\/vertienteglobal.com\/index.php?rest_route=%2Fwp%2Fv2%2Fcategories&post=178407"},{"taxonomy":"post_tag","embeddable":true,"href":"http:\/\/vertienteglobal.com\/index.php?rest_route=%2Fwp%2Fv2%2Ftags&post=178407"}],"curies":[{"name":"wp","href":"https:\/\/api.w.org\/{rel}","templated":true}]}}