{"id":178360,"date":"2021-03-27T17:15:02","date_gmt":"2021-03-27T23:15:02","guid":{"rendered":"http:\/\/vertienteglobal.com\/?p=178360"},"modified":"2021-03-28T10:15:56","modified_gmt":"2021-03-28T16:15:56","slug":"que-significado-tiene-el-sabado-de-gloria","status":"publish","type":"post","link":"http:\/\/vertienteglobal.com\/?p=178360","title":{"rendered":"\u00bfQu\u00e9 significado tiene el S\u00e1bado de Gloria?"},"content":{"rendered":"\n<div class=\"twitterbutton\" style=\"float: right; padding-left: 5px;\"><a href=\"http:\/\/twitter.com\/share\" class=\"twitter-share-button\" data-count=\"horizontal\" data-text=\"\u00bfQu\u00e9 significado tiene el S\u00e1bado de Gloria?\" data-via=\"https:\/\/twitter.com\/VertienteGloba1\" data-url=\"http:\/\/vertienteglobal.com\/?p=178360\" data-lang=\"es\" data-related=\"Informaci\u00f3n general:S\u00edguenos para que est\u00e9ss informado\"><\/a><\/div>\n<figure class=\"wp-block-image size-large\"><img loading=\"lazy\" decoding=\"async\" width=\"744\" height=\"412\" src=\"http:\/\/vertienteglobal.com\/wp-content\/uploads\/2021\/03\/images-9.jpeg\" alt=\"\" class=\"wp-image-178361\" srcset=\"http:\/\/vertienteglobal.com\/wp-content\/uploads\/2021\/03\/images-9.jpeg 744w, http:\/\/vertienteglobal.com\/wp-content\/uploads\/2021\/03\/images-9-300x166.jpeg 300w, http:\/\/vertienteglobal.com\/wp-content\/uploads\/2021\/03\/images-9-150x83.jpeg 150w\" sizes=\"auto, (max-width: 744px) 100vw, 744px\" \/><\/figure>\n\n\n\n<p>(Redaccion)<\/p>\n\n\n\n<p>El Viernes Santo, el S\u00e1bado de Gloria y el Domingo de Resurrecci\u00f3n conforman el llamado Triduo Pascual, es decir, el momento central de la Semana Santa y de toda la liturgia cristiana<\/p>\n\n\n\n<p>Ciudad de Mexico a 27 de marzo de 2021.- El S\u00e1bado de Gloria o S\u00e1bado Santo es, seg\u00fan la fe cristiana y afines, la conmemoraci\u00f3n de Jes\u00fas en el sepulcro y su Descenso al Abismo y forma parte de la Semana Santa. Su fecha correspondiente en el 2021 es el 3 de abril. A continuaci\u00f3n te explicamos su significado en el contexto religioso.<\/p>\n\n\n\n<p>El Viernes Santo, el S\u00e1bado de Gloria y el Domingo de Resurrecci\u00f3n conforman el llamado Triduo Pascual, es decir, el momento central de la Semana Santa y de toda la liturgia cristiana.<\/p>\n\n\n\n<p>Durante estos d\u00edas se conmemora la pasi\u00f3n, muerte y resurrecci\u00f3n de Jes\u00fas de Nazaret.<\/p>\n\n\n\n<p>Dentro del ritual cat\u00f3lico, no se celebra la eucarist\u00eda pero se conmemora la Soledad de Mar\u00eda despu\u00e9s de llevar al sepulcro a Cristo. De hecho, en este d\u00eda no se celebran matrimonios ni se administran otros sacramentos, salvo la Penitencia y la Unci\u00f3n de los Enfermos.<\/p>\n\n\n\n<p>Como no puede celebrarse ning\u00fan rito oficial durante el d\u00eda, se suelen predicar retiros espirituales, y en muchos lugares tambi\u00e9n los sacerdotes durante el d\u00eda atienden confesiones.<\/p>\n\n\n\n<p>Tambi\u00e9n es costumbre en algunos templos el rezo de la Liturgia de las Horas por parte de los cl\u00e9rigos con participaci\u00f3n de fieles seglares.<\/p>\n\n\n\n<p>Mientras que en la Iglesia Ortodoxa este d\u00eda es denominado Gran S\u00e1bado y se realiza una v\u00edspera de la celebraci\u00f3n lit\u00fargica de San Basilio el Grande, por lo que todos meditan y est\u00e1n en silencio.<\/p>\n\n\n\n<p>Por otro lado, la conmemoraci\u00f3n de la Iglesia Anglicana es muy similar a la de la Cat\u00f3lica, salvo por algunos detalles; por ejemplo, el altar se cubre con un manto negro. (Fuente: Noticieros Televisa)<\/p>\n","protected":false},"excerpt":{"rendered":"<p>(Redaccion) El Viernes Santo, el S\u00e1bado de Gloria y el Domingo de Resurrecci\u00f3n conforman el llamado Triduo Pascual, es decir, el momento central de la Semana Santa y de toda la liturgia cristiana Ciudad de Mexico a 27 de marzo de 2021.- El S\u00e1bado de Gloria o S\u00e1bado Santo es, seg\u00fan la fe cristiana y [&hellip;]<\/p>\n","protected":false},"author":1,"featured_media":178361,"comment_status":"open","ping_status":"open","sticky":false,"template":"","format":"standard","meta":{"footnotes":""},"categories":[8],"tags":[],"class_list":["post-178360","post","type-post","status-publish","format-standard","has-post-thumbnail","hentry","category-pais","entry","has-media"],"jetpack_featured_media_url":"http:\/\/vertienteglobal.com\/wp-content\/uploads\/2021\/03\/images-9.jpeg","_links":{"self":[{"href":"http:\/\/vertienteglobal.com\/index.php?rest_route=\/wp\/v2\/posts\/178360","targetHints":{"allow":["GET"]}}],"collection":[{"href":"http:\/\/vertienteglobal.com\/index.php?rest_route=\/wp\/v2\/posts"}],"about":[{"href":"http:\/\/vertienteglobal.com\/index.php?rest_route=\/wp\/v2\/types\/post"}],"author":[{"embeddable":true,"href":"http:\/\/vertienteglobal.com\/index.php?rest_route=\/wp\/v2\/users\/1"}],"replies":[{"embeddable":true,"href":"http:\/\/vertienteglobal.com\/index.php?rest_route=%2Fwp%2Fv2%2Fcomments&post=178360"}],"version-history":[{"count":0,"href":"http:\/\/vertienteglobal.com\/index.php?rest_route=\/wp\/v2\/posts\/178360\/revisions"}],"wp:featuredmedia":[{"embeddable":true,"href":"http:\/\/vertienteglobal.com\/index.php?rest_route=\/wp\/v2\/media\/178361"}],"wp:attachment":[{"href":"http:\/\/vertienteglobal.com\/index.php?rest_route=%2Fwp%2Fv2%2Fmedia&parent=178360"}],"wp:term":[{"taxonomy":"category","embeddable":true,"href":"http:\/\/vertienteglobal.com\/index.php?rest_route=%2Fwp%2Fv2%2Fcategories&post=178360"},{"taxonomy":"post_tag","embeddable":true,"href":"http:\/\/vertienteglobal.com\/index.php?rest_route=%2Fwp%2Fv2%2Ftags&post=178360"}],"curies":[{"name":"wp","href":"https:\/\/api.w.org\/{rel}","templated":true}]}}