{"id":178296,"date":"2021-03-26T09:21:00","date_gmt":"2021-03-26T15:21:00","guid":{"rendered":"http:\/\/vertienteglobal.com\/?p=178296"},"modified":"2021-03-26T09:33:33","modified_gmt":"2021-03-26T15:33:33","slug":"chichen-itza-estara-cerrado-en-semana-santa-para-evitar-contagios-por-covid-19","status":"publish","type":"post","link":"http:\/\/vertienteglobal.com\/?p=178296","title":{"rendered":"Chich\u00e9n Itz\u00e1 estar\u00e1 cerrado en Semana Santa para evitar contagios por Covid-19"},"content":{"rendered":"\n<div class=\"twitterbutton\" style=\"float: right; padding-left: 5px;\"><a href=\"http:\/\/twitter.com\/share\" class=\"twitter-share-button\" data-count=\"horizontal\" data-text=\"Chich\u00e9n Itz\u00e1 estar\u00e1 cerrado en Semana Santa para evitar contagios por Covid-1...\" data-via=\"https:\/\/twitter.com\/VertienteGloba1\" data-url=\"http:\/\/vertienteglobal.com\/?p=178296\" data-lang=\"es\" data-related=\"Informaci\u00f3n general:S\u00edguenos para que est\u00e9ss informado\"><\/a><\/div>\n<figure class=\"wp-block-image size-large\"><img loading=\"lazy\" decoding=\"async\" width=\"660\" height=\"330\" src=\"http:\/\/vertienteglobal.com\/wp-content\/uploads\/2021\/03\/1616768028516-660x330-1.jpg\" alt=\"\" class=\"wp-image-178297\" srcset=\"http:\/\/vertienteglobal.com\/wp-content\/uploads\/2021\/03\/1616768028516-660x330-1.jpg 660w, http:\/\/vertienteglobal.com\/wp-content\/uploads\/2021\/03\/1616768028516-660x330-1-300x150.jpg 300w, http:\/\/vertienteglobal.com\/wp-content\/uploads\/2021\/03\/1616768028516-660x330-1-150x75.jpg 150w\" sizes=\"auto, (max-width: 660px) 100vw, 660px\" \/><\/figure>\n\n\n\n<p>(Redaccion)<\/p>\n\n\n\n<p><em><strong>La zona arqueol\u00f3gica cerrar\u00e1 sus puertas del 1 al 4 de abril, con el fin de evitar m\u00e1s contagios por Covid-19<\/strong><\/em><\/p>\n\n\n\n<p>M\u00c9RIDA, Yucatan., 26 de marzo 2021.- De nueva cuenta, la zona arqueol\u00f3gica de Chich\u00e9n Itz\u00e1 volver\u00e1 a cerrar sus puertas al p\u00fablico , del 1 al 4 de abril pr\u00f3ximos, espec\u00edficamente durante la Semana Santa (del Jueves Santo al Domingo de Resurrecci\u00f3n), inform\u00f3 el Instituto Nacional de Antropolog\u00eda e Historia (INAH).<\/p>\n\n\n\n<p>El cierre de la zona m\u00e1s visitada de Yucat\u00e1n indica la instancia federal, es con fin de prevenir una mayor diseminaci\u00f3n del Covid-19, pues al igual que el equinoccio de primavera, las vacaciones de Semana Santa y de Pascua es el momento de mayor afluencia en el sitio.<\/p>\n\n\n\n<p>Como informamos, Chich\u00e9n Itz\u00e1 permaneci\u00f3 cerrado al p\u00fablico del 20 al 22 de marzo, por lo que se cancelaron todos los eventos relacionados con el fen\u00f3meno arqueoastron\u00f3mico del equinoccio de primavera.<\/p>\n\n\n\n<p>Durante la pandemia por el coronavirus SARS-CoV-2, el sitio arqueol\u00f3gico ha cerrado en cuatro ocasiones acumulando 197 d\u00edas y con este nuevo cierre, alcanzar\u00e1 201 d\u00edas sin actividad, es decir, poco m\u00e1s de 6 meses.<\/p>\n\n\n\n<p>Como se recordar\u00e1, en M\u00e9xico, el primer infectado por Covid-19 apareci\u00f3 el 27 de febrero de 2020, y 17 d\u00edas despu\u00e9s, el 13 de marzo se confirm\u00f3 el primer caso en Yucat\u00e1n.<\/p>\n\n\n\n<p>Chich\u00e9n Itz\u00e1 fue la primera zona arqueol\u00f3gica en cerrar ante el nuevo coronavirus, el 20 de marzo de 2020, al d\u00eda siguiente del equinoccio de primavera. Tres d\u00edas se orden\u00f3 el cierre de todas las zonas arqueol\u00f3gicas del pa\u00eds.<\/p>\n\n\n\n<p>La ciudad precolombina reabri\u00f3 el 22 de septiembre, dos d\u00edas despu\u00e9s del equinoccio de oto\u00f1o, por lo que permaneci\u00f3 sin abrir en ese primer per\u00edodo, durante 186 d\u00edas.<\/p>\n\n\n\n<p>Debido al paso y los efectos del hurac\u00e1n \u201cDelta\u201d, la zona nuevamente cerr\u00f3 del 5 al 9 de octubre de 2020.<\/p>\n\n\n\n<p>La luna marca el inicio de la Semana Santa<br>El domingo y lunes pr\u00f3ximos se observar\u00e1n fen\u00f3menos en Dzibilchalt\u00fan, Oxkintok y Chich\u00e9n Itz\u00e1, relacionados con la primera Luna llena despu\u00e9s del equinoccio de primavera, misma que marca el inicio de la Semana Santa, arriba el astr\u00f3nomo yucateco Eddie Ariel Salazar Gamboa.<\/p>\n\n\n\n<p>\u201cRepresenta el alto grado de conocimiento que ten\u00edan los astr\u00f3nomos mayas, que crearon calendarios lunares perfectos\u201d, explicado el entrevistado. (Fuente: Novedades Yucat\u00e1n)<\/p>\n","protected":false},"excerpt":{"rendered":"<p>(Redaccion) La zona arqueol\u00f3gica cerrar\u00e1 sus puertas del 1 al 4 de abril, con el fin de evitar m\u00e1s contagios por Covid-19 M\u00c9RIDA, Yucatan., 26 de marzo 2021.- De nueva cuenta, la zona arqueol\u00f3gica de Chich\u00e9n Itz\u00e1 volver\u00e1 a cerrar sus puertas al p\u00fablico , del 1 al 4 de abril pr\u00f3ximos, espec\u00edficamente durante la [&hellip;]<\/p>\n","protected":false},"author":1,"featured_media":178297,"comment_status":"open","ping_status":"open","sticky":false,"template":"","format":"standard","meta":{"footnotes":""},"categories":[2],"tags":[],"class_list":["post-178296","post","type-post","status-publish","format-standard","has-post-thumbnail","hentry","category-yucatan","entry","has-media"],"jetpack_featured_media_url":"http:\/\/vertienteglobal.com\/wp-content\/uploads\/2021\/03\/1616768028516-660x330-1.jpg","_links":{"self":[{"href":"http:\/\/vertienteglobal.com\/index.php?rest_route=\/wp\/v2\/posts\/178296","targetHints":{"allow":["GET"]}}],"collection":[{"href":"http:\/\/vertienteglobal.com\/index.php?rest_route=\/wp\/v2\/posts"}],"about":[{"href":"http:\/\/vertienteglobal.com\/index.php?rest_route=\/wp\/v2\/types\/post"}],"author":[{"embeddable":true,"href":"http:\/\/vertienteglobal.com\/index.php?rest_route=\/wp\/v2\/users\/1"}],"replies":[{"embeddable":true,"href":"http:\/\/vertienteglobal.com\/index.php?rest_route=%2Fwp%2Fv2%2Fcomments&post=178296"}],"version-history":[{"count":0,"href":"http:\/\/vertienteglobal.com\/index.php?rest_route=\/wp\/v2\/posts\/178296\/revisions"}],"wp:featuredmedia":[{"embeddable":true,"href":"http:\/\/vertienteglobal.com\/index.php?rest_route=\/wp\/v2\/media\/178297"}],"wp:attachment":[{"href":"http:\/\/vertienteglobal.com\/index.php?rest_route=%2Fwp%2Fv2%2Fmedia&parent=178296"}],"wp:term":[{"taxonomy":"category","embeddable":true,"href":"http:\/\/vertienteglobal.com\/index.php?rest_route=%2Fwp%2Fv2%2Fcategories&post=178296"},{"taxonomy":"post_tag","embeddable":true,"href":"http:\/\/vertienteglobal.com\/index.php?rest_route=%2Fwp%2Fv2%2Ftags&post=178296"}],"curies":[{"name":"wp","href":"https:\/\/api.w.org\/{rel}","templated":true}]}}