{"id":178265,"date":"2021-03-25T18:50:00","date_gmt":"2021-03-26T00:50:00","guid":{"rendered":"http:\/\/vertienteglobal.com\/?p=178265"},"modified":"2021-03-26T08:38:33","modified_gmt":"2021-03-26T14:38:33","slug":"la-pandemia-ha-dejado-desercion-escolar-y-nuevos-retos-investigadora-de-la-uv","status":"publish","type":"post","link":"http:\/\/vertienteglobal.com\/?p=178265","title":{"rendered":"La pandemia ha dejado deserci\u00f3n escolar y nuevos retos: investigadora de la UV"},"content":{"rendered":"\n<div class=\"twitterbutton\" style=\"float: right; padding-left: 5px;\"><a href=\"http:\/\/twitter.com\/share\" class=\"twitter-share-button\" data-count=\"horizontal\" data-text=\"La pandemia ha dejado deserci\u00f3n escolar y nuevos retos: investigadora de la UV\" data-via=\"https:\/\/twitter.com\/VertienteGloba1\" data-url=\"http:\/\/vertienteglobal.com\/?p=178265\" data-lang=\"es\" data-related=\"Informaci\u00f3n general:S\u00edguenos para que est\u00e9ss informado\"><\/a><\/div>\n<figure class=\"wp-block-image size-large\"><img loading=\"lazy\" decoding=\"async\" width=\"1024\" height=\"680\" src=\"http:\/\/vertienteglobal.com\/wp-content\/uploads\/2021\/03\/1150522.jpg\" alt=\"\" class=\"wp-image-178266\" srcset=\"http:\/\/vertienteglobal.com\/wp-content\/uploads\/2021\/03\/1150522.jpg 1024w, http:\/\/vertienteglobal.com\/wp-content\/uploads\/2021\/03\/1150522-300x199.jpg 300w, http:\/\/vertienteglobal.com\/wp-content\/uploads\/2021\/03\/1150522-150x100.jpg 150w, http:\/\/vertienteglobal.com\/wp-content\/uploads\/2021\/03\/1150522-768x510.jpg 768w\" sizes=\"auto, (max-width: 1024px) 100vw, 1024px\" \/><\/figure>\n\n\n\n<p>(Redaccion)<\/p>\n\n\n\n<p>La conectividad es un reto a nivel nacional para que se pueda tener el uso de las tecnolog\u00edas las zonas m\u00e1s alejadas<\/p>\n\n\n\n<p>Xalapa Veracruz, a 25 de marzo de 2021.- La doctora Ana Beatriz Lira Roca, investigadora de la Facultad de Economia de la Universidad Veracruzana (UV), afirm\u00f3 que la pandemia estableci\u00f3 nuevo retos en la educaci\u00f3n superior que implica el uso de tecnolog\u00eda y la conectividad.<\/p>\n\n\n\n<p>Afirm\u00f3 que la pandemia ha provocado que la deserci\u00f3n escolar creciera del 5 al 11 por ciento en la educaci\u00f3n superior, es decir, m\u00e1s del doble.&nbsp;<\/p>\n\n\n\n<p>\u201cTenemos que redise\u00f1ar nuestros programas educativos para una entrega de este tipo, no es lo mismo la educaci\u00f3n presencial que la educaci\u00f3n a distancia que es lo que hemos venido haciendo\u201d.<\/p>\n\n\n\n<p>Agreg\u00f3 que la conectividad es un reto a nivel nacional para que se pueda tener el uso de las tecnolog\u00edas las zonas m\u00e1s alejadas.<\/p>\n","protected":false},"excerpt":{"rendered":"<p>(Redaccion) La conectividad es un reto a nivel nacional para que se pueda tener el uso de las tecnolog\u00edas las zonas m\u00e1s alejadas Xalapa Veracruz, a 25 de marzo de 2021.- La doctora Ana Beatriz Lira Roca, investigadora de la Facultad de Economia de la Universidad Veracruzana (UV), afirm\u00f3 que la pandemia estableci\u00f3 nuevo retos [&hellip;]<\/p>\n","protected":false},"author":1,"featured_media":178266,"comment_status":"open","ping_status":"open","sticky":false,"template":"","format":"standard","meta":{"footnotes":""},"categories":[9,7],"tags":[],"class_list":["post-178265","post","type-post","status-publish","format-standard","has-post-thumbnail","hentry","category-educacion","category-veracruz","entry","has-media"],"jetpack_featured_media_url":"http:\/\/vertienteglobal.com\/wp-content\/uploads\/2021\/03\/1150522.jpg","_links":{"self":[{"href":"http:\/\/vertienteglobal.com\/index.php?rest_route=\/wp\/v2\/posts\/178265","targetHints":{"allow":["GET"]}}],"collection":[{"href":"http:\/\/vertienteglobal.com\/index.php?rest_route=\/wp\/v2\/posts"}],"about":[{"href":"http:\/\/vertienteglobal.com\/index.php?rest_route=\/wp\/v2\/types\/post"}],"author":[{"embeddable":true,"href":"http:\/\/vertienteglobal.com\/index.php?rest_route=\/wp\/v2\/users\/1"}],"replies":[{"embeddable":true,"href":"http:\/\/vertienteglobal.com\/index.php?rest_route=%2Fwp%2Fv2%2Fcomments&post=178265"}],"version-history":[{"count":0,"href":"http:\/\/vertienteglobal.com\/index.php?rest_route=\/wp\/v2\/posts\/178265\/revisions"}],"wp:featuredmedia":[{"embeddable":true,"href":"http:\/\/vertienteglobal.com\/index.php?rest_route=\/wp\/v2\/media\/178266"}],"wp:attachment":[{"href":"http:\/\/vertienteglobal.com\/index.php?rest_route=%2Fwp%2Fv2%2Fmedia&parent=178265"}],"wp:term":[{"taxonomy":"category","embeddable":true,"href":"http:\/\/vertienteglobal.com\/index.php?rest_route=%2Fwp%2Fv2%2Fcategories&post=178265"},{"taxonomy":"post_tag","embeddable":true,"href":"http:\/\/vertienteglobal.com\/index.php?rest_route=%2Fwp%2Fv2%2Ftags&post=178265"}],"curies":[{"name":"wp","href":"https:\/\/api.w.org\/{rel}","templated":true}]}}