{"id":178025,"date":"2021-03-21T17:23:55","date_gmt":"2021-03-21T23:23:55","guid":{"rendered":"http:\/\/vertienteglobal.com\/?p=178025"},"modified":"2021-03-22T08:25:35","modified_gmt":"2021-03-22T14:25:35","slug":"imss-yucatan-da-banderazo-de-salida-a-ambulancias-para-hospitales-de-imss-bienestar","status":"publish","type":"post","link":"http:\/\/vertienteglobal.com\/?p=178025","title":{"rendered":"IMSS Yucat\u00e1n da banderazo de salida a ambulancias para hospitales de IMSS-Bienestar"},"content":{"rendered":"\n<div class=\"twitterbutton\" style=\"float: right; padding-left: 5px;\"><a href=\"http:\/\/twitter.com\/share\" class=\"twitter-share-button\" data-count=\"horizontal\" data-text=\"IMSS Yucat\u00e1n da banderazo de salida a ambulancias para hospitales de IMSS-Biene...\" data-via=\"https:\/\/twitter.com\/VertienteGloba1\" data-url=\"http:\/\/vertienteglobal.com\/?p=178025\" data-lang=\"es\" data-related=\"Informaci\u00f3n general:S\u00edguenos para que est\u00e9ss informado\"><\/a><\/div>\n<figure class=\"wp-block-image size-large\"><img loading=\"lazy\" decoding=\"async\" width=\"660\" height=\"330\" src=\"http:\/\/vertienteglobal.com\/wp-content\/uploads\/2021\/03\/image3-660x330-1.jpeg\" alt=\"\" class=\"wp-image-178026\" srcset=\"http:\/\/vertienteglobal.com\/wp-content\/uploads\/2021\/03\/image3-660x330-1.jpeg 660w, http:\/\/vertienteglobal.com\/wp-content\/uploads\/2021\/03\/image3-660x330-1-300x150.jpeg 300w, http:\/\/vertienteglobal.com\/wp-content\/uploads\/2021\/03\/image3-660x330-1-150x75.jpeg 150w\" sizes=\"auto, (max-width: 660px) 100vw, 660px\" \/><\/figure>\n\n\n\n<p>(Redaccion)<\/p>\n\n\n\n<p>Beneficiar\u00e1n a mexicanas y mexicanos sin seguridad social<\/p>\n\n\n\n<p>Forman parte de las 24 ambulancias que fueron asignadas al mismo n\u00famero de Hospitales Rurales en el pa\u00eds<\/p>\n\n\n\n<p>La Oficina de Representaci\u00f3n Yucat\u00e1n del Instituto Mexicano del Seguro Social (IMSS) dio banderazo de salida a dos ambulancias que ser\u00e1n entregadas a los Hospitales Rurales (HR) en Oxkutzcab y en Maxcan\u00fa, del Programa IMSS-BIENESTAR.<\/p>\n\n\n\n<p>Cada ambulancia cuenta con equipo de comunicaci\u00f3n, camilla con sistema de sujeci\u00f3n, equipo de reanimaci\u00f3n cardiopulmonar; desfibrilador; tomas de ox\u00edgeno, equipo para atenci\u00f3n de parto, equipo de sutura, medicamentos y material de curaci\u00f3n para atenci\u00f3n de urgencias b\u00e1sicas.<\/p>\n\n\n\n<p>La titular del IMSS en Yucat\u00e1n mostr\u00f3 su agradecimiento por estos veh\u00edculos que llegan a fortalecer la atenci\u00f3n m\u00e9dica de las y los pacientes, adem\u00e1s de solicitar a sus operadores cuidar el equipo que, sin duda, viene a reforzar la labor que se realiza en el estado para brindar traslados en tiempo y forma.<\/p>\n\n\n\n<p>En presencia de autoridades de la Representaci\u00f3n Yucat\u00e1n y del Programa IMSS-BIENESTAR, al dar banderazo de salida rindi\u00f3 un breve mensaje en el que reiter\u00f3 el compromiso de brindar atenci\u00f3n m\u00e9dica a los usuarios con la calidad y respeto que se merecen.<\/p>\n\n\n\n<p>IMSS-BIENESTAR opera en 19 entidades del pa\u00eds y brinda servicios m\u00e9dicos de Primer y Segundo Nivel a personas que viven en zonas rurales o urbanas marginadas.<\/p>\n\n\n\n<figure class=\"wp-block-image\"><img decoding=\"async\" src=\"https:\/\/www.yucatanalinstante.com\/wp-content\/uploads\/2021\/03\/image2-1.jpeg\" alt=\"\" class=\"wp-image-326248\"\/><\/figure>\n\n\n\n<p>En Yucat\u00e1n se cuenta con cuatro Hospitales Rurales, 83 Unidades M\u00e9dicas Rurales (UMR) y seis Unidades M\u00e9dicas M\u00f3viles (UMM).<\/p>\n\n\n\n<p>Estos veh\u00edculos que beneficiar\u00e1n a mexicanas y mexicanos sin seguridad social forman parte de las 24 ambulancias que fueron asignadas al mismo n\u00famero de Hospitales Rurales ubicados en los estados de Chiapas, Chihuahua, Durango, Michoac\u00e1n, Oaxaca, Puebla, San Luis Potos\u00ed, Tamaulipas, Veracruz y Yucat\u00e1n.<\/p>\n\n\n\n<figure class=\"wp-block-image\"><img decoding=\"async\" src=\"https:\/\/www.yucatanalinstante.com\/wp-content\/uploads\/2021\/03\/image1-14.jpeg\" alt=\"\" class=\"wp-image-326249\"\/><\/figure>\n","protected":false},"excerpt":{"rendered":"<p>(Redaccion) Beneficiar\u00e1n a mexicanas y mexicanos sin seguridad social Forman parte de las 24 ambulancias que fueron asignadas al mismo n\u00famero de Hospitales Rurales en el pa\u00eds La Oficina de Representaci\u00f3n Yucat\u00e1n del Instituto Mexicano del Seguro Social (IMSS) dio banderazo de salida a dos ambulancias que ser\u00e1n entregadas a los Hospitales Rurales (HR) en [&hellip;]<\/p>\n","protected":false},"author":1,"featured_media":178026,"comment_status":"open","ping_status":"open","sticky":false,"template":"","format":"standard","meta":{"footnotes":""},"categories":[2],"tags":[],"class_list":["post-178025","post","type-post","status-publish","format-standard","has-post-thumbnail","hentry","category-yucatan","entry","has-media"],"jetpack_featured_media_url":"http:\/\/vertienteglobal.com\/wp-content\/uploads\/2021\/03\/image3-660x330-1.jpeg","_links":{"self":[{"href":"http:\/\/vertienteglobal.com\/index.php?rest_route=\/wp\/v2\/posts\/178025","targetHints":{"allow":["GET"]}}],"collection":[{"href":"http:\/\/vertienteglobal.com\/index.php?rest_route=\/wp\/v2\/posts"}],"about":[{"href":"http:\/\/vertienteglobal.com\/index.php?rest_route=\/wp\/v2\/types\/post"}],"author":[{"embeddable":true,"href":"http:\/\/vertienteglobal.com\/index.php?rest_route=\/wp\/v2\/users\/1"}],"replies":[{"embeddable":true,"href":"http:\/\/vertienteglobal.com\/index.php?rest_route=%2Fwp%2Fv2%2Fcomments&post=178025"}],"version-history":[{"count":0,"href":"http:\/\/vertienteglobal.com\/index.php?rest_route=\/wp\/v2\/posts\/178025\/revisions"}],"wp:featuredmedia":[{"embeddable":true,"href":"http:\/\/vertienteglobal.com\/index.php?rest_route=\/wp\/v2\/media\/178026"}],"wp:attachment":[{"href":"http:\/\/vertienteglobal.com\/index.php?rest_route=%2Fwp%2Fv2%2Fmedia&parent=178025"}],"wp:term":[{"taxonomy":"category","embeddable":true,"href":"http:\/\/vertienteglobal.com\/index.php?rest_route=%2Fwp%2Fv2%2Fcategories&post=178025"},{"taxonomy":"post_tag","embeddable":true,"href":"http:\/\/vertienteglobal.com\/index.php?rest_route=%2Fwp%2Fv2%2Ftags&post=178025"}],"curies":[{"name":"wp","href":"https:\/\/api.w.org\/{rel}","templated":true}]}}