{"id":177920,"date":"2021-03-20T17:47:46","date_gmt":"2021-03-20T23:47:46","guid":{"rendered":"http:\/\/vertienteglobal.com\/?p=177920"},"modified":"2021-03-21T09:50:12","modified_gmt":"2021-03-21T15:50:12","slug":"no-abrira-zona-de-antros-en-la-semana-santa-en-yucatan","status":"publish","type":"post","link":"http:\/\/vertienteglobal.com\/?p=177920","title":{"rendered":"No abrir\u00e1 zona de antros en la Semana Santa en Yucat\u00e1n"},"content":{"rendered":"\n<div class=\"twitterbutton\" style=\"float: right; padding-left: 5px;\"><a href=\"http:\/\/twitter.com\/share\" class=\"twitter-share-button\" data-count=\"horizontal\" data-text=\"No abrir\u00e1 zona de antros en la Semana Santa en Yucat\u00e1n\" data-via=\"https:\/\/twitter.com\/VertienteGloba1\" data-url=\"http:\/\/vertienteglobal.com\/?p=177920\" data-lang=\"es\" data-related=\"Informaci\u00f3n general:S\u00edguenos para que est\u00e9ss informado\"><\/a><\/div>\n<figure class=\"wp-block-image size-large\"><img loading=\"lazy\" decoding=\"async\" width=\"660\" height=\"330\" src=\"http:\/\/vertienteglobal.com\/wp-content\/uploads\/2021\/03\/1616207477658-660x330-1.jpg\" alt=\"\" class=\"wp-image-177921\" srcset=\"http:\/\/vertienteglobal.com\/wp-content\/uploads\/2021\/03\/1616207477658-660x330-1.jpg 660w, http:\/\/vertienteglobal.com\/wp-content\/uploads\/2021\/03\/1616207477658-660x330-1-300x150.jpg 300w, http:\/\/vertienteglobal.com\/wp-content\/uploads\/2021\/03\/1616207477658-660x330-1-150x75.jpg 150w\" sizes=\"auto, (max-width: 660px) 100vw, 660px\" \/><\/figure>\n\n\n\n<p>(Redaccion)<\/p>\n\n\n\n<p>M\u00c9RIDA, Yucatan., 20 de marzo 2021.- Las actividades de centros nocturnos, bares, cantinas, entretenimiento y ocio a\u00fan no est\u00e1n a discusi\u00f3n y se mantendr\u00e1n las restricciones de movilidad nocturna, inform\u00f3 Iv\u00e1n Rodr\u00edguez Gasque, presidente de la C\u00e1mara de Comercio de M\u00e9rida (Canacome).<\/p>\n\n\n\n<p>No est\u00e1 previsto por el momento la discusi\u00f3n sobre la reapertura de las actividades nocturnas, esto tambi\u00e9n aplica para los municipios del interior del estado, dijo.<\/p>\n\n\n\n<p>Rodr\u00edguez Gasque recalc\u00f3 que la temporada vacacional de Semana Santa ser\u00e1 importante para los comerciantes de la costa, y se espera que muchas familias acudan a su casa de la playa y otras m\u00e1s durante los fines de semana de la Semana Mayor y Pascua, pero no est\u00e1n autorizadas las actividades en la llamada zona de discotecas y restaurantes de Chicxulub en la franja costera.<\/p>\n\n\n\n<p>Acercamiento de paraderos<\/p>\n\n\n\n<p>En relaci\u00f3n a los cambios que anunci\u00f3 el gobernador para la \u00faltima semana del mes de marzo, el presidente de la Canacome destac\u00f3 que, se analizan modificaciones en el acercamiento de rutas y remover maceteros, aumento de los horarios de zona de carga y descarga, as\u00ed como la modificaci\u00f3n de horarios y las rutas de transporte p\u00fablico.<\/p>\n\n\n\n<p>Los cambios ser\u00e1n a partir del lunes 29 de marzo, tarea que servir\u00e1 para recuperar las actividades comerciales del Centro Hist\u00f3rico de M\u00e9rida. (Fuente: Novedades Yucat\u00e1n)<\/p>\n","protected":false},"excerpt":{"rendered":"<p>(Redaccion) M\u00c9RIDA, Yucatan., 20 de marzo 2021.- Las actividades de centros nocturnos, bares, cantinas, entretenimiento y ocio a\u00fan no est\u00e1n a discusi\u00f3n y se mantendr\u00e1n las restricciones de movilidad nocturna, inform\u00f3 Iv\u00e1n Rodr\u00edguez Gasque, presidente de la C\u00e1mara de Comercio de M\u00e9rida (Canacome). No est\u00e1 previsto por el momento la discusi\u00f3n sobre la reapertura de [&hellip;]<\/p>\n","protected":false},"author":1,"featured_media":177921,"comment_status":"open","ping_status":"open","sticky":false,"template":"","format":"standard","meta":{"footnotes":""},"categories":[2],"tags":[],"class_list":["post-177920","post","type-post","status-publish","format-standard","has-post-thumbnail","hentry","category-yucatan","entry","has-media"],"jetpack_featured_media_url":"http:\/\/vertienteglobal.com\/wp-content\/uploads\/2021\/03\/1616207477658-660x330-1.jpg","_links":{"self":[{"href":"http:\/\/vertienteglobal.com\/index.php?rest_route=\/wp\/v2\/posts\/177920","targetHints":{"allow":["GET"]}}],"collection":[{"href":"http:\/\/vertienteglobal.com\/index.php?rest_route=\/wp\/v2\/posts"}],"about":[{"href":"http:\/\/vertienteglobal.com\/index.php?rest_route=\/wp\/v2\/types\/post"}],"author":[{"embeddable":true,"href":"http:\/\/vertienteglobal.com\/index.php?rest_route=\/wp\/v2\/users\/1"}],"replies":[{"embeddable":true,"href":"http:\/\/vertienteglobal.com\/index.php?rest_route=%2Fwp%2Fv2%2Fcomments&post=177920"}],"version-history":[{"count":0,"href":"http:\/\/vertienteglobal.com\/index.php?rest_route=\/wp\/v2\/posts\/177920\/revisions"}],"wp:featuredmedia":[{"embeddable":true,"href":"http:\/\/vertienteglobal.com\/index.php?rest_route=\/wp\/v2\/media\/177921"}],"wp:attachment":[{"href":"http:\/\/vertienteglobal.com\/index.php?rest_route=%2Fwp%2Fv2%2Fmedia&parent=177920"}],"wp:term":[{"taxonomy":"category","embeddable":true,"href":"http:\/\/vertienteglobal.com\/index.php?rest_route=%2Fwp%2Fv2%2Fcategories&post=177920"},{"taxonomy":"post_tag","embeddable":true,"href":"http:\/\/vertienteglobal.com\/index.php?rest_route=%2Fwp%2Fv2%2Ftags&post=177920"}],"curies":[{"name":"wp","href":"https:\/\/api.w.org\/{rel}","templated":true}]}}