{"id":177703,"date":"2021-03-16T21:50:20","date_gmt":"2021-03-17T03:50:20","guid":{"rendered":"http:\/\/vertienteglobal.com\/?p=177703"},"modified":"2021-03-17T08:41:11","modified_gmt":"2021-03-17T14:41:11","slug":"quintana-roo-registra-un-franco-descenso-en-la-curva-de-contagios-por-covid-19-carlos-joaquin","status":"publish","type":"post","link":"http:\/\/vertienteglobal.com\/?p=177703","title":{"rendered":"Quintana Roo registra un franco descenso en la curva de contagios por Covid-19: Carlos Joaqu\u00edn"},"content":{"rendered":"\n<div class=\"twitterbutton\" style=\"float: right; padding-left: 5px;\"><a href=\"http:\/\/twitter.com\/share\" class=\"twitter-share-button\" data-count=\"horizontal\" data-text=\"Quintana Roo registra un franco descenso en la curva de contagios por Covid-19: ...\" data-via=\"https:\/\/twitter.com\/VertienteGloba1\" data-url=\"http:\/\/vertienteglobal.com\/?p=177703\" data-lang=\"es\" data-related=\"Informaci\u00f3n general:S\u00edguenos para que est\u00e9ss informado\"><\/a><\/div>\n<figure class=\"wp-block-image size-large\"><img loading=\"lazy\" decoding=\"async\" width=\"1024\" height=\"682\" src=\"http:\/\/vertienteglobal.com\/wp-content\/uploads\/2021\/03\/CJ-Descenso-contagios-1024x682.jpeg\" alt=\"\" class=\"wp-image-177704\" srcset=\"http:\/\/vertienteglobal.com\/wp-content\/uploads\/2021\/03\/CJ-Descenso-contagios-1024x682.jpeg 1024w, http:\/\/vertienteglobal.com\/wp-content\/uploads\/2021\/03\/CJ-Descenso-contagios-300x200.jpeg 300w, http:\/\/vertienteglobal.com\/wp-content\/uploads\/2021\/03\/CJ-Descenso-contagios-150x100.jpeg 150w, http:\/\/vertienteglobal.com\/wp-content\/uploads\/2021\/03\/CJ-Descenso-contagios-768x512.jpeg 768w, http:\/\/vertienteglobal.com\/wp-content\/uploads\/2021\/03\/CJ-Descenso-contagios.jpeg 1280w\" sizes=\"auto, (max-width: 1024px) 100vw, 1024px\" \/><\/figure>\n\n\n\n<p>(Redaccion)<\/p>\n\n\n\n<p>En los \u00faltimos dos d\u00edas no se han tenido decesos qu\u00e9 lamentar<\/p>\n\n\n\n<p>Si se fortalece el uso de h\u00e1bitos y protocolos, en las pr\u00f3ximas semanas llegar\u00edamos al verde en el Sem\u00e1foro Epidemiol\u00f3gico Estatal<\/p>\n\n\n\n<p>Chetumal, Quintana Roo, a 16 de marzo de 2021.- El gobernador Carlos Joaqu\u00edn expres\u00f3 que en Quintana Roo registramos un franco descenso en la curva de contagios, en los \u00faltimos dos d\u00edas no hemos tenido decesos que lamentar y eso de gran trascendencia para todos.<\/p>\n\n\n\n<p>Sin embargo, el gobernador de Quintana Roo explic\u00f3 que no podemos bajar los brazos, relajarnos, porque representar\u00eda un repunte y tener un nuevo n\u00famero alto de contagios. \u201cEl virus sigue ah\u00ed, sigue siendo complicado y no es momento para echar las campanas a vuelo\u201d expres\u00f3.<\/p>\n\n\n\n<p>Carlos Joaqu\u00edn a\u00f1adi\u00f3 que, si todas y todos los quintanarroenses seguimos con el uso de los h\u00e1bitos, de la fortaleza y disciplina en los protocolos de prevenci\u00f3n, seguramente en las pr\u00f3ximas semanas podremos estar llegando al color verde en el Sem\u00e1foro Epidemiol\u00f3gico Estatal.<\/p>\n\n\n\n<p>\u201cDepende de todas y todos nosotros, del buen uso que hagamos de estas acciones de prevenci\u00f3n, de solidaridad y de fortaleza que todos los quintanarroenses sabemos llevar a cabo\u201d dijo durante el programa Enlace Ciudadano que se transmiti\u00f3 por el Sistema Quintanarroense de Comunicaci\u00f3n y las redes de la Coordinaci\u00f3n General de Comunicaci\u00f3n.<\/p>\n\n\n\n<p>El titular del Ejecutivo inform\u00f3 que se trabaja para avanzar de forma gradual, ordenada y responsable en las actividades al llegar al color verde, al reanudar actividades m\u00e1s cercanas a la realidad que ten\u00edamos antes de la pandemia.<\/p>\n\n\n\n<p>Las acciones se dar\u00e1n a conocer oportunamente para avanzar en la recuperaci\u00f3n econ\u00f3mica, la generaci\u00f3n de empleos, y tener un crecimiento ordenado que mantenga a Quintana Roo como un estado con un control y un manejo adecuado de la pandemia.<\/p>\n\n\n\n<p>Al dar a conocer el ranking de colonias con m\u00e1s casos activos positivos por Covid-19, Carlos Joaqu\u00edn indic\u00f3 que Chetumal tiene ocho colonias, Cozumel una y Solidaridad una tambi\u00e9n, pero destac\u00f3 que con un reducido n\u00famero de casos, que es importante mencionar.<\/p>\n\n\n\n<p>Durante el programa, la secretaria de Desarrollo Econ\u00f3mico Rosa Elena Lozano explic\u00f3 que se avanza en la diversificaci\u00f3n de la econom\u00eda de Quintana Roo.<\/p>\n\n\n\n<p>El reci\u00e9n decreto de la zona libre y la regi\u00f3n fronteriza del sur beneficia a esta regi\u00f3n del estado que aprovecha la franja fronteriza.<\/p>\n","protected":false},"excerpt":{"rendered":"<p>(Redaccion) En los \u00faltimos dos d\u00edas no se han tenido decesos qu\u00e9 lamentar Si se fortalece el uso de h\u00e1bitos y protocolos, en las pr\u00f3ximas semanas llegar\u00edamos al verde en el Sem\u00e1foro Epidemiol\u00f3gico Estatal Chetumal, Quintana Roo, a 16 de marzo de 2021.- El gobernador Carlos Joaqu\u00edn expres\u00f3 que en Quintana Roo registramos un franco [&hellip;]<\/p>\n","protected":false},"author":1,"featured_media":177704,"comment_status":"open","ping_status":"open","sticky":false,"template":"","format":"standard","meta":{"footnotes":""},"categories":[3],"tags":[],"class_list":["post-177703","post","type-post","status-publish","format-standard","has-post-thumbnail","hentry","category-quintana-roo","entry","has-media"],"jetpack_featured_media_url":"http:\/\/vertienteglobal.com\/wp-content\/uploads\/2021\/03\/CJ-Descenso-contagios.jpeg","_links":{"self":[{"href":"http:\/\/vertienteglobal.com\/index.php?rest_route=\/wp\/v2\/posts\/177703","targetHints":{"allow":["GET"]}}],"collection":[{"href":"http:\/\/vertienteglobal.com\/index.php?rest_route=\/wp\/v2\/posts"}],"about":[{"href":"http:\/\/vertienteglobal.com\/index.php?rest_route=\/wp\/v2\/types\/post"}],"author":[{"embeddable":true,"href":"http:\/\/vertienteglobal.com\/index.php?rest_route=\/wp\/v2\/users\/1"}],"replies":[{"embeddable":true,"href":"http:\/\/vertienteglobal.com\/index.php?rest_route=%2Fwp%2Fv2%2Fcomments&post=177703"}],"version-history":[{"count":0,"href":"http:\/\/vertienteglobal.com\/index.php?rest_route=\/wp\/v2\/posts\/177703\/revisions"}],"wp:featuredmedia":[{"embeddable":true,"href":"http:\/\/vertienteglobal.com\/index.php?rest_route=\/wp\/v2\/media\/177704"}],"wp:attachment":[{"href":"http:\/\/vertienteglobal.com\/index.php?rest_route=%2Fwp%2Fv2%2Fmedia&parent=177703"}],"wp:term":[{"taxonomy":"category","embeddable":true,"href":"http:\/\/vertienteglobal.com\/index.php?rest_route=%2Fwp%2Fv2%2Fcategories&post=177703"},{"taxonomy":"post_tag","embeddable":true,"href":"http:\/\/vertienteglobal.com\/index.php?rest_route=%2Fwp%2Fv2%2Ftags&post=177703"}],"curies":[{"name":"wp","href":"https:\/\/api.w.org\/{rel}","templated":true}]}}