{"id":177573,"date":"2021-03-14T09:49:00","date_gmt":"2021-03-14T15:49:00","guid":{"rendered":"http:\/\/vertienteglobal.com\/?p=177573"},"modified":"2021-03-14T11:45:31","modified_gmt":"2021-03-14T17:45:31","slug":"no-se-suspendera-el-lunes-15-de-marzo-el-servicio-de-recoleccion-de-basura-en-merida","status":"publish","type":"post","link":"http:\/\/vertienteglobal.com\/?p=177573","title":{"rendered":"No se suspender\u00e1 el lunes 15 de marzo el servicio de recolecci\u00f3n de basura en  M\u00e9rida"},"content":{"rendered":"\n<div class=\"twitterbutton\" style=\"float: right; padding-left: 5px;\"><a href=\"http:\/\/twitter.com\/share\" class=\"twitter-share-button\" data-count=\"horizontal\" data-text=\"No se suspender\u00e1 el lunes 15 de marzo el servicio de recolecci\u00f3n de basura en ...\" data-via=\"https:\/\/twitter.com\/VertienteGloba1\" data-url=\"http:\/\/vertienteglobal.com\/?p=177573\" data-lang=\"es\" data-related=\"Informaci\u00f3n general:S\u00edguenos para que est\u00e9ss informado\"><\/a><\/div>\n<figure class=\"wp-block-image size-large\"><img loading=\"lazy\" decoding=\"async\" width=\"600\" height=\"330\" src=\"http:\/\/vertienteglobal.com\/wp-content\/uploads\/2021\/03\/Sana-600x330-1.jpg\" alt=\"\" class=\"wp-image-177574\" srcset=\"http:\/\/vertienteglobal.com\/wp-content\/uploads\/2021\/03\/Sana-600x330-1.jpg 600w, http:\/\/vertienteglobal.com\/wp-content\/uploads\/2021\/03\/Sana-600x330-1-300x165.jpg 300w, http:\/\/vertienteglobal.com\/wp-content\/uploads\/2021\/03\/Sana-600x330-1-150x83.jpg 150w\" sizes=\"auto, (max-width: 600px) 100vw, 600px\" \/><\/figure>\n\n\n\n<p>(Redaccion)<\/p>\n\n\n\n<p>El Ayuntamiento brindar\u00e1 atenci\u00f3n a la ciudadan\u00eda por medio de guardias<\/p>\n\n\n\n<p>M\u00e9rida, 13 de marzo de 2021. El Ayuntamiento de M\u00e9rida informa que con motivo del d\u00eda inh\u00e1bil por la conmemoraci\u00f3n del natalicio de Benito Ju\u00e1rez, el pr\u00f3ximo lunes 15 sus oficinas administrativas permanecer\u00e1n cerradas al p\u00fablico, por lo que pide a la ciudadan\u00eda tomar las precauciones debidas para evitar contratiempos.<\/p>\n\n\n\n<p>Las empresas recolectoras de basura, al igual que el relleno sanitario, trabajar\u00e1n en su horario normal, por lo que los ciudadanos podr\u00e1n sacar su basura domiciliaria en los horarios acostumbrados.<\/p>\n\n\n\n<p>Asimismo, informa que la Direcci\u00f3n de Servicios P\u00fablicos Municipales del Ayuntamiento de M\u00e9rida laborar\u00e1 con guardias para atender los reportes ciudadanos que se presenten.<\/p>\n\n\n\n<p>Los departamentos de Alumbrado P\u00fablico poniente y oriente contar\u00e1n con tres brigadas que laborar\u00e1n de 7:00 a 14:00 horas, de las 15:00 a las 22:00 horas; y de las 22:00 a las 5:30 horas.<\/p>\n\n\n\n<p>El departamento de Drenaje trabajar\u00e1 de siete de la ma\u00f1ana a cinco de la tarde; Aseo Urbano en dos turnos, de 6 a 11 y de 11 a 16 horas.<\/p>\n\n\n\n<p>Asimismo, los parqueros que atienden el Centro Hist\u00f3rico laborar\u00e1n de 6 a 11 horas.<\/p>\n\n\n\n<p>El retiro de animales muertos de la v\u00eda p\u00fablica se realizar\u00e1 de 7 a 16 horas.<\/p>\n\n\n\n<p>El Centro Municipal de Control Animal (CEMCA) permanecer\u00e1 cerrado.<\/p>\n\n\n\n<p>Respecto al parque zool\u00f3gico Del Centenario se recuerda que su horario durante la contingencia es de mi\u00e9rcoles a domingo, de 9 a 16 horas.<\/p>\n\n\n\n<p>En cuanto al pago del predial estar\u00e1n abiertas siete cajas recaudadoras en distintos puntos de la ciudad: Am\u00e9ricas, Plaza Fiesta, Ventanilla Oriente, Altabrisa y Gran Plaza en horario de 12 del d\u00eda a 6 de la tarde, mientras que en Xocl\u00e1n y en el m\u00f3dulo ubicado en las oficinas de la Polic\u00eda Municipal estar\u00e1n en horario de 9 a 4 de la tarde.<\/p>\n","protected":false},"excerpt":{"rendered":"<p>(Redaccion) El Ayuntamiento brindar\u00e1 atenci\u00f3n a la ciudadan\u00eda por medio de guardias M\u00e9rida, 13 de marzo de 2021. El Ayuntamiento de M\u00e9rida informa que con motivo del d\u00eda inh\u00e1bil por la conmemoraci\u00f3n del natalicio de Benito Ju\u00e1rez, el pr\u00f3ximo lunes 15 sus oficinas administrativas permanecer\u00e1n cerradas al p\u00fablico, por lo que pide a la ciudadan\u00eda [&hellip;]<\/p>\n","protected":false},"author":1,"featured_media":177574,"comment_status":"open","ping_status":"open","sticky":false,"template":"","format":"standard","meta":{"footnotes":""},"categories":[2],"tags":[],"class_list":["post-177573","post","type-post","status-publish","format-standard","has-post-thumbnail","hentry","category-yucatan","entry","has-media"],"jetpack_featured_media_url":"http:\/\/vertienteglobal.com\/wp-content\/uploads\/2021\/03\/Sana-600x330-1.jpg","_links":{"self":[{"href":"http:\/\/vertienteglobal.com\/index.php?rest_route=\/wp\/v2\/posts\/177573","targetHints":{"allow":["GET"]}}],"collection":[{"href":"http:\/\/vertienteglobal.com\/index.php?rest_route=\/wp\/v2\/posts"}],"about":[{"href":"http:\/\/vertienteglobal.com\/index.php?rest_route=\/wp\/v2\/types\/post"}],"author":[{"embeddable":true,"href":"http:\/\/vertienteglobal.com\/index.php?rest_route=\/wp\/v2\/users\/1"}],"replies":[{"embeddable":true,"href":"http:\/\/vertienteglobal.com\/index.php?rest_route=%2Fwp%2Fv2%2Fcomments&post=177573"}],"version-history":[{"count":0,"href":"http:\/\/vertienteglobal.com\/index.php?rest_route=\/wp\/v2\/posts\/177573\/revisions"}],"wp:featuredmedia":[{"embeddable":true,"href":"http:\/\/vertienteglobal.com\/index.php?rest_route=\/wp\/v2\/media\/177574"}],"wp:attachment":[{"href":"http:\/\/vertienteglobal.com\/index.php?rest_route=%2Fwp%2Fv2%2Fmedia&parent=177573"}],"wp:term":[{"taxonomy":"category","embeddable":true,"href":"http:\/\/vertienteglobal.com\/index.php?rest_route=%2Fwp%2Fv2%2Fcategories&post=177573"},{"taxonomy":"post_tag","embeddable":true,"href":"http:\/\/vertienteglobal.com\/index.php?rest_route=%2Fwp%2Fv2%2Ftags&post=177573"}],"curies":[{"name":"wp","href":"https:\/\/api.w.org\/{rel}","templated":true}]}}