{"id":177543,"date":"2021-03-13T18:24:59","date_gmt":"2021-03-14T00:24:59","guid":{"rendered":"http:\/\/vertienteglobal.com\/?p=177543"},"modified":"2021-03-14T11:27:56","modified_gmt":"2021-03-14T17:27:56","slug":"equinoccio-de-primavera-2021-cuando-y-a-que-hora-sera","status":"publish","type":"post","link":"http:\/\/vertienteglobal.com\/?p=177543","title":{"rendered":"Equinoccio de primavera 2021: \u00bfcu\u00e1ndo y a qu\u00e9 hora ser\u00e1?"},"content":{"rendered":"\n<div class=\"twitterbutton\" style=\"float: right; padding-left: 5px;\"><a href=\"http:\/\/twitter.com\/share\" class=\"twitter-share-button\" data-count=\"horizontal\" data-text=\"Equinoccio de primavera 2021: \u00bfcu\u00e1ndo y a qu\u00e9 hora ser\u00e1?\" data-via=\"https:\/\/twitter.com\/VertienteGloba1\" data-url=\"http:\/\/vertienteglobal.com\/?p=177543\" data-lang=\"es\" data-related=\"Informaci\u00f3n general:S\u00edguenos para que est\u00e9ss informado\"><\/a><\/div>\n<figure class=\"wp-block-image size-large\"><img loading=\"lazy\" decoding=\"async\" width=\"1024\" height=\"512\" src=\"http:\/\/vertienteglobal.com\/wp-content\/uploads\/2021\/03\/equinoccio-de-primavera-2021-cuando-y-a-que-hora-sera-1050x525-1-1024x512.jpg\" alt=\"\" class=\"wp-image-177544\" srcset=\"http:\/\/vertienteglobal.com\/wp-content\/uploads\/2021\/03\/equinoccio-de-primavera-2021-cuando-y-a-que-hora-sera-1050x525-1-1024x512.jpg 1024w, http:\/\/vertienteglobal.com\/wp-content\/uploads\/2021\/03\/equinoccio-de-primavera-2021-cuando-y-a-que-hora-sera-1050x525-1-300x150.jpg 300w, http:\/\/vertienteglobal.com\/wp-content\/uploads\/2021\/03\/equinoccio-de-primavera-2021-cuando-y-a-que-hora-sera-1050x525-1-150x75.jpg 150w, http:\/\/vertienteglobal.com\/wp-content\/uploads\/2021\/03\/equinoccio-de-primavera-2021-cuando-y-a-que-hora-sera-1050x525-1-768x384.jpg 768w, http:\/\/vertienteglobal.com\/wp-content\/uploads\/2021\/03\/equinoccio-de-primavera-2021-cuando-y-a-que-hora-sera-1050x525-1.jpg 1050w\" sizes=\"auto, (max-width: 1024px) 100vw, 1024px\" \/><\/figure>\n\n\n\n<p>(Redaccion)<\/p>\n\n\n\n<p><em><strong>Te contamos todo lo que necesitas saber de este fen\u00f3meno astron\u00f3mico<\/strong><\/em><\/p>\n\n\n\n<p>Ciudad de Mexico a 13 de marzo de 2021.- El calor y las altas temperaturas nos indican que el invierno est\u00e1 llegando a su fin. La primavera se acerca, y con ella el equinoccio de 2021. \u00bfCu\u00e1ndo y a qu\u00e9 hora ser\u00e1?<\/p>\n\n\n\n<p><strong>\u00bfQu\u00e9 es el equinoccio de primavera?<\/strong><\/p>\n\n\n\n<p>La palabra equinoccio proviene de las palabras latinas para \u201cnoche igual\u201d: aequus (igual) y nox (noche). En el hemisferio norte, el equinoccio de primavera ocurre cuando el Sol cruza la l\u00ednea imaginaria del Ecuador, en direcci\u00f3n norte en el cielo. Esto hace que el d\u00eda y la noche duren lo mismo.<\/p>\n\n\n\n<p>Este evento marca el inicio de la primavera en la mitad norte del mundo. Despu\u00e9s de esta fecha, el hemisferio norte comienza a inclinarse m\u00e1s hacia el Sol, lo que resulta en un aumento de las horas de luz y un aumento de las temperaturas.<\/p>\n\n\n\n<p><strong>Equinoccio Primavera 2021<\/strong><\/p>\n\n\n\n<p>En el hemisferio sur, es lo contrario: el equinoccio de marzo marca el comienzo del oto\u00f1o, ya que el hemisferio sur comienza a inclinarse en direcci\u00f3n opuesta al sol.<\/p>\n\n\n\n<p>El Sol se coloca en esta particular posici\u00f3n solo dos veces cada a\u00f1o: entre el 19 y 20 marzo y en septiembre, entre el 21 y el 24.<\/p>\n\n\n\n<p><strong>\u00bfCu\u00e1ndo ser\u00e1 el equinoccio de primavera de 2021?<\/strong><\/p>\n\n\n\n<p>El equinoccio de primavera de 2021 ocurrir\u00e1 el 20 de marzo, a partir de las 03:00 horas del centro de M\u00e9xico, dando inicio as\u00ed a la primavera, que durar\u00e1 hasta el 20 de junio a las 21 horas, cuando tenga lugar el solsticio de verano.<\/p>\n\n\n\n<p><strong>Sin rituales por COVID-19<\/strong><\/p>\n\n\n\n<p>Aunque el pa\u00eds est\u00e1 casi en su totalidad en sem\u00e1foro amarillo, no se podr\u00e1n realizar los tradicionales rituales por el equinoccio de primavera. Es decir, ni Teotihuac\u00e1n ni Chichen-Itz\u00e1 recibir\u00e1n visitantes. Si bien ambos sitios arqueol\u00f3gicos han podido reabrir para recibir visitantes, se decidi\u00f3 evitar aglomeraciones para esa fecha y evitar posibles contagios de COVID-19. (Fuente: Televisa)<\/p>\n","protected":false},"excerpt":{"rendered":"<p>(Redaccion) Te contamos todo lo que necesitas saber de este fen\u00f3meno astron\u00f3mico Ciudad de Mexico a 13 de marzo de 2021.- El calor y las altas temperaturas nos indican que el invierno est\u00e1 llegando a su fin. La primavera se acerca, y con ella el equinoccio de 2021. \u00bfCu\u00e1ndo y a qu\u00e9 hora ser\u00e1? \u00bfQu\u00e9 [&hellip;]<\/p>\n","protected":false},"author":1,"featured_media":177544,"comment_status":"open","ping_status":"open","sticky":false,"template":"","format":"standard","meta":{"footnotes":""},"categories":[8],"tags":[],"class_list":["post-177543","post","type-post","status-publish","format-standard","has-post-thumbnail","hentry","category-pais","entry","has-media"],"jetpack_featured_media_url":"http:\/\/vertienteglobal.com\/wp-content\/uploads\/2021\/03\/equinoccio-de-primavera-2021-cuando-y-a-que-hora-sera-1050x525-1.jpg","_links":{"self":[{"href":"http:\/\/vertienteglobal.com\/index.php?rest_route=\/wp\/v2\/posts\/177543","targetHints":{"allow":["GET"]}}],"collection":[{"href":"http:\/\/vertienteglobal.com\/index.php?rest_route=\/wp\/v2\/posts"}],"about":[{"href":"http:\/\/vertienteglobal.com\/index.php?rest_route=\/wp\/v2\/types\/post"}],"author":[{"embeddable":true,"href":"http:\/\/vertienteglobal.com\/index.php?rest_route=\/wp\/v2\/users\/1"}],"replies":[{"embeddable":true,"href":"http:\/\/vertienteglobal.com\/index.php?rest_route=%2Fwp%2Fv2%2Fcomments&post=177543"}],"version-history":[{"count":0,"href":"http:\/\/vertienteglobal.com\/index.php?rest_route=\/wp\/v2\/posts\/177543\/revisions"}],"wp:featuredmedia":[{"embeddable":true,"href":"http:\/\/vertienteglobal.com\/index.php?rest_route=\/wp\/v2\/media\/177544"}],"wp:attachment":[{"href":"http:\/\/vertienteglobal.com\/index.php?rest_route=%2Fwp%2Fv2%2Fmedia&parent=177543"}],"wp:term":[{"taxonomy":"category","embeddable":true,"href":"http:\/\/vertienteglobal.com\/index.php?rest_route=%2Fwp%2Fv2%2Fcategories&post=177543"},{"taxonomy":"post_tag","embeddable":true,"href":"http:\/\/vertienteglobal.com\/index.php?rest_route=%2Fwp%2Fv2%2Ftags&post=177543"}],"curies":[{"name":"wp","href":"https:\/\/api.w.org\/{rel}","templated":true}]}}