{"id":177244,"date":"2021-03-09T08:04:00","date_gmt":"2021-03-09T14:04:00","guid":{"rendered":"http:\/\/vertienteglobal.com\/?p=177244"},"modified":"2021-03-09T19:07:30","modified_gmt":"2021-03-10T01:07:30","slug":"crear-para-innovar-y-mejorar-ajo-orion","status":"publish","type":"post","link":"http:\/\/vertienteglobal.com\/?p=177244","title":{"rendered":"Crear para innovar y mejorar ajo Ori\u00f3n"},"content":{"rendered":"\n<div class=\"twitterbutton\" style=\"float: right; padding-left: 5px;\"><a href=\"http:\/\/twitter.com\/share\" class=\"twitter-share-button\" data-count=\"horizontal\" data-text=\"Crear para innovar y mejorar ajo Ori\u00f3n\" data-via=\"https:\/\/twitter.com\/VertienteGloba1\" data-url=\"http:\/\/vertienteglobal.com\/?p=177244\" data-lang=\"es\" data-related=\"Informaci\u00f3n general:S\u00edguenos para que est\u00e9ss informado\"><\/a><\/div>\n<figure class=\"wp-block-image size-large\"><img loading=\"lazy\" decoding=\"async\" width=\"530\" height=\"392\" src=\"http:\/\/vertienteglobal.com\/wp-content\/uploads\/2021\/03\/WhatsApp_Image_2021-03-09_at_12.44.34.jpeg\" alt=\"\" class=\"wp-image-177245\" srcset=\"http:\/\/vertienteglobal.com\/wp-content\/uploads\/2021\/03\/WhatsApp_Image_2021-03-09_at_12.44.34.jpeg 530w, http:\/\/vertienteglobal.com\/wp-content\/uploads\/2021\/03\/WhatsApp_Image_2021-03-09_at_12.44.34-300x222.jpeg 300w, http:\/\/vertienteglobal.com\/wp-content\/uploads\/2021\/03\/WhatsApp_Image_2021-03-09_at_12.44.34-150x111.jpeg 150w\" sizes=\"auto, (max-width: 530px) 100vw, 530px\" \/><\/figure>\n\n\n\n<p>(Redaccion)<\/p>\n\n\n\n<p>INIFAP trabaja constantemente para dar soluciones efectivas, innovadoras y resilientes a las y los productores del campo mexicano<\/p>\n\n\n\n<p>Ciudad de Mexico, a 09 de marzo de 2021.- Investigadores del Campo Experimental Pabell\u00f3n del &nbsp;Instituto&nbsp; Nacional&nbsp; de&nbsp; Investigaciones&nbsp; Forestales,&nbsp; Agr\u00edcolas&nbsp; y Pecuarias (INIFAP), mediante&nbsp; un&nbsp; proceso&nbsp; de&nbsp; selecci\u00f3n&nbsp; individual realizaron &nbsp;mejoramiento gen\u00e9tico para generar variedades de ajo que permitan incrementar los rendimientos en las zonas productoras de ajo de Aguascalientes. Bajo estos estudios y a partir de una planta individual, la cual es llamada clon R-35-10-1B se desarroll\u00f3 la variedad de ajo blanco tipo Perla Ori\u00f3n.<\/p>\n\n\n\n<p>Tras ocho a\u00f1os de trabajo se realiz\u00f3 la&nbsp; variedad &nbsp;Ori\u00f3n&nbsp; para despu\u00e9s dar paso a &nbsp;&nbsp;la&nbsp; propagaci\u00f3n&nbsp; masiva&nbsp; para&nbsp; su &nbsp;establecimiento&nbsp; en&nbsp; lotes&nbsp; comerciales.<\/p>\n\n\n\n<p>La planta mide en promedio 60 cm de altura, es de follaje abierto, con 15 hojas en promedio y de color verde p\u00e1lido, esta da como&nbsp; resultado el ajo Ori\u00f3n produce bulbos blancos&nbsp; del tipo&nbsp; Perla,&nbsp; tiene&nbsp; un&nbsp; ciclo&nbsp; vegetativo&nbsp; de alrededor de 210 a 220 d\u00edas de siembra a cosecha, sus bulbos son de color blanco cremoso con un promedio de 13 dientes y cubierto por seis a siete t\u00fanicas.<\/p>\n\n\n\n<p>Para llegar a la variedad se trabaj\u00f3 en la siembra entre&nbsp; el&nbsp; 15&nbsp; de&nbsp; octubre&nbsp; y&nbsp; 15&nbsp; de&nbsp; noviembre,&nbsp; la&nbsp; formaci\u00f3n&nbsp; de&nbsp; bulbo&nbsp; aproximadamente&nbsp; se presenta entre el 15 de febrero y el 15 de marzo. A nivel experimental el rendimiento promedio de la variedad Ori\u00f3n es de 18 toneladas por&nbsp;hect\u00e1reas.<\/p>\n\n\n\n<p>La planta que arroja el ajo Ori\u00f3n tiene la caracter\u00edstica de ser medianamente sensible a la acumulaci\u00f3n de fr\u00edo y poco susceptible a la enfermedad de alternar\u00eda.<\/p>\n\n\n\n<p>La&nbsp; variedad&nbsp; Ori\u00f3n, corresponde&nbsp; aun&nbsp; ajo&nbsp; blanco&nbsp; del&nbsp; tipo perla. es una&nbsp; buena&nbsp; alternativa&nbsp; para cultivarse en&nbsp; la&nbsp; regi\u00f3n&nbsp; Norte&nbsp; Centro&nbsp; de M\u00e9xico,&nbsp; debido&nbsp; a&nbsp; que&nbsp; presenta&nbsp; buenas&nbsp; caracter\u00edsticas bot\u00e1nicas, hort\u00edcolas y productivas en comparaci\u00f3n a las variedades usadas en la regi\u00f3n.<\/p>\n","protected":false},"excerpt":{"rendered":"<p>(Redaccion) INIFAP trabaja constantemente para dar soluciones efectivas, innovadoras y resilientes a las y los productores del campo mexicano Ciudad de Mexico, a 09 de marzo de 2021.- Investigadores del Campo Experimental Pabell\u00f3n del &nbsp;Instituto&nbsp; Nacional&nbsp; de&nbsp; Investigaciones&nbsp; Forestales,&nbsp; Agr\u00edcolas&nbsp; y Pecuarias (INIFAP), mediante&nbsp; un&nbsp; proceso&nbsp; de&nbsp; selecci\u00f3n&nbsp; individual realizaron &nbsp;mejoramiento gen\u00e9tico para generar variedades [&hellip;]<\/p>\n","protected":false},"author":1,"featured_media":177245,"comment_status":"open","ping_status":"open","sticky":false,"template":"","format":"standard","meta":{"footnotes":""},"categories":[8],"tags":[],"class_list":["post-177244","post","type-post","status-publish","format-standard","has-post-thumbnail","hentry","category-pais","entry","has-media"],"jetpack_featured_media_url":"http:\/\/vertienteglobal.com\/wp-content\/uploads\/2021\/03\/WhatsApp_Image_2021-03-09_at_12.44.34.jpeg","_links":{"self":[{"href":"http:\/\/vertienteglobal.com\/index.php?rest_route=\/wp\/v2\/posts\/177244","targetHints":{"allow":["GET"]}}],"collection":[{"href":"http:\/\/vertienteglobal.com\/index.php?rest_route=\/wp\/v2\/posts"}],"about":[{"href":"http:\/\/vertienteglobal.com\/index.php?rest_route=\/wp\/v2\/types\/post"}],"author":[{"embeddable":true,"href":"http:\/\/vertienteglobal.com\/index.php?rest_route=\/wp\/v2\/users\/1"}],"replies":[{"embeddable":true,"href":"http:\/\/vertienteglobal.com\/index.php?rest_route=%2Fwp%2Fv2%2Fcomments&post=177244"}],"version-history":[{"count":0,"href":"http:\/\/vertienteglobal.com\/index.php?rest_route=\/wp\/v2\/posts\/177244\/revisions"}],"wp:featuredmedia":[{"embeddable":true,"href":"http:\/\/vertienteglobal.com\/index.php?rest_route=\/wp\/v2\/media\/177245"}],"wp:attachment":[{"href":"http:\/\/vertienteglobal.com\/index.php?rest_route=%2Fwp%2Fv2%2Fmedia&parent=177244"}],"wp:term":[{"taxonomy":"category","embeddable":true,"href":"http:\/\/vertienteglobal.com\/index.php?rest_route=%2Fwp%2Fv2%2Fcategories&post=177244"},{"taxonomy":"post_tag","embeddable":true,"href":"http:\/\/vertienteglobal.com\/index.php?rest_route=%2Fwp%2Fv2%2Ftags&post=177244"}],"curies":[{"name":"wp","href":"https:\/\/api.w.org\/{rel}","templated":true}]}}