{"id":177177,"date":"2021-03-08T13:32:00","date_gmt":"2021-03-08T19:32:00","guid":{"rendered":"http:\/\/vertienteglobal.com\/?p=177177"},"modified":"2021-03-08T18:46:51","modified_gmt":"2021-03-09T00:46:51","slug":"mujeres-navales-hacen-patente-promocion-de-una-cultura-de-igualdad-de-genero","status":"publish","type":"post","link":"http:\/\/vertienteglobal.com\/?p=177177","title":{"rendered":"Mujeres Navales hacen patente promoci\u00f3n de una cultura de igualdad de g\u00e9nero"},"content":{"rendered":"\n<div class=\"twitterbutton\" style=\"float: right; padding-left: 5px;\"><a href=\"http:\/\/twitter.com\/share\" class=\"twitter-share-button\" data-count=\"horizontal\" data-text=\"Mujeres Navales hacen patente promoci\u00f3n de una cultura de igualdad de g\u00e9nero\" data-via=\"https:\/\/twitter.com\/VertienteGloba1\" data-url=\"http:\/\/vertienteglobal.com\/?p=177177\" data-lang=\"es\" data-related=\"Informaci\u00f3n general:S\u00edguenos para que est\u00e9ss informado\"><\/a><\/div>\n<figure class=\"wp-block-image size-large\"><img loading=\"lazy\" decoding=\"async\" width=\"1024\" height=\"683\" src=\"http:\/\/vertienteglobal.com\/wp-content\/uploads\/2021\/03\/1147669.jpg\" alt=\"\" class=\"wp-image-177178\" srcset=\"http:\/\/vertienteglobal.com\/wp-content\/uploads\/2021\/03\/1147669.jpg 1024w, http:\/\/vertienteglobal.com\/wp-content\/uploads\/2021\/03\/1147669-300x200.jpg 300w, http:\/\/vertienteglobal.com\/wp-content\/uploads\/2021\/03\/1147669-150x100.jpg 150w, http:\/\/vertienteglobal.com\/wp-content\/uploads\/2021\/03\/1147669-768x512.jpg 768w\" sizes=\"auto, (max-width: 1024px) 100vw, 1024px\" \/><\/figure>\n\n\n\n<p>(Redacci\u00f3n)<\/p>\n\n\n\n<p>En los inicios de su ingreso, las mujeres se desempe\u00f1aron como enfermeras y posteriormente como oficinistas<\/p>\n\n\n\n<p>Ciudad de Mexico a 08 de marzo de 2021.- A trav\u00e9s de un comunicado,&nbsp; se inform\u00f3 que mujeres navales hicieron&nbsp;patente la promoci\u00f3n de una cultura de igualdad de g\u00e9nero en el marco de la celebraci\u00f3n de los \u201c200 A\u00f1os de la Armada de M\u00e9xico\u201d<\/p>\n\n\n\n<p>A continuaci\u00f3n el comunicado:<\/p>\n\n\n\n<p>\u00abEn conmemoraci\u00f3n del D\u00eda Internacional de la Mujer, en este a\u00f1o, en el que la Secretar\u00eda de Marina celebra los \u201c200 a\u00f1os de la Armada de M\u00e9xico\u201d, hoy y siempre, se pronuncia a favor de la mujer, de su inclusi\u00f3n y de su derecho a una vida libre de violencia y discriminaci\u00f3n, reprobando categ\u00f3ricamente cualquier acto que atente contra sus derechos y su dignidad.<\/p>\n\n\n\n<p>El ingreso de las primeras mujeres a la Instituci\u00f3n se remonta al a\u00f1o 1942, fecha a partir de la cual, la historia de este bicentenario continu\u00f3 siendo escrita no s\u00f3lo por hombres, sino tambi\u00e9n por mujeres, que desde aquel entonces mostraron sus capacidades y su valor al servicio de la patria, promoviendo as\u00ed la incursi\u00f3n de su g\u00e9nero al \u00e1mbito naval-militar, en el que hoy representan m\u00e1s de un 20% de su poblaci\u00f3n total.<\/p>\n\n\n\n<p>En los inicios de su ingreso, las mujeres se desempe\u00f1aron como enfermeras y posteriormente como oficinistas.<\/p>\n\n\n\n<p>En 1975, por primera vez una mujer se embarc\u00f3 en un buque y para 1989, alcanz\u00f3 una de las jerarqu\u00edas m\u00e1s altas en la Instituci\u00f3n dentro de la categor\u00eda de almirante.<\/p>\n\n\n\n<p>El a\u00f1o 1995 dio la bienvenida a las primeras mujeres que ingresaron a las escuelas t\u00e9cnicas de formaci\u00f3n y el 2013, vio egresar a la primera generaci\u00f3n de Guardiamarinas de la Heroica Escuela Naval Militar; fue a partir de entonces que el personal femenino continu\u00f3 incursionando en una gran cantidad de \u00e1reas administrativas y operativas por mar, aire y tierra, siendo ejemplo de ello: comandantes, segundo comandantes e integrantes femeninas en las dotaciones de unidades de superficie y aeronavales; Infantes de Marina; soldadoras; buzos; rescatistas; mec\u00e1nicas; y m\u00fasicos, entre otros cuerpos y servicios.<\/p>\n\n\n\n<p>Dentro de otras actividades relevantes, destacan tambi\u00e9n mujeres oficiales que se han graduado con honores de instituciones nacionales y extranjeras en carreras de Ingenier\u00eda y Arquitectura Naval; quienes han participado con delegaciones mexicanas en Misiones de Paz en otros pa\u00edses; las que han incursionado en los astilleros de Marina donde se dise\u00f1an, construyen y reparan los buques de la Instituci\u00f3n; quienes participan en talleres especializados de mantenimiento aeronaval; y aquellas mujeres que en su elecci\u00f3n de la carrera de las armas, desarrollan operaciones de Infanter\u00eda de Marina y en \u00e1reas de apoyo a la poblaci\u00f3n civil en zonas y casos de desastre.<\/p>\n\n\n\n<p>Es por ello que, ante la importancia del fortalecimiento de la perspectiva de g\u00e9nero, se ha encomendado la misi\u00f3n de que todas las personas tengan igualdad de oportunidades en el ejercicio de sus derechos; cometido en el que se trabaja coordinadamente con el Instituto Nacional de las Mujeres, pues a trav\u00e9s del programa PROIGUALDAD, es que esta Instituci\u00f3n reafirma el inquebrantable compromiso con las mujeres y las ni\u00f1as mexicanas.<\/p>\n\n\n\n<p>Esta Instituci\u00f3n reconoce la entereza y determinaci\u00f3n de la mujer e impulsa aportaciones en materia de Igualdad de G\u00e9nero, puesto que su participaci\u00f3n fortalece las capacidades operativas y administrativas; por ello, refrenda su compromiso de continuar trabajando para lograr una igualdad sustantiva que beneficie a los hombres y mujeres navales que trabajan Para Servir a M\u00e9xico.<\/p>\n\n\n\n<p>La celebraci\u00f3n de este Bicentenario se remonta a los inicios del M\u00e9xico independiente, el 4 de octubre de 1821, cuando el General Agust\u00edn de Iturbide, ante la necesidad del joven Estado Mexicano de contar con una Armada para salvaguardar la Soberan\u00eda Nacional, decret\u00f3 la creaci\u00f3n del Ministerio de Guerra y Marina, dirigido por el Teniente de Nav\u00edo Antonio de Medina Miranda, acto con el que dio inicio la historia de la Armada de M\u00e9xico; una historia, en la que la participaci\u00f3n de la mujer ha sido crucial\u00bb.<\/p>\n","protected":false},"excerpt":{"rendered":"<p>(Redacci\u00f3n) En los inicios de su ingreso, las mujeres se desempe\u00f1aron como enfermeras y posteriormente como oficinistas Ciudad de Mexico a 08 de marzo de 2021.- A trav\u00e9s de un comunicado,&nbsp; se inform\u00f3 que mujeres navales hicieron&nbsp;patente la promoci\u00f3n de una cultura de igualdad de g\u00e9nero en el marco de la celebraci\u00f3n de los \u201c200 [&hellip;]<\/p>\n","protected":false},"author":1,"featured_media":177178,"comment_status":"open","ping_status":"open","sticky":false,"template":"","format":"standard","meta":{"footnotes":""},"categories":[8],"tags":[],"class_list":["post-177177","post","type-post","status-publish","format-standard","has-post-thumbnail","hentry","category-pais","entry","has-media"],"jetpack_featured_media_url":"http:\/\/vertienteglobal.com\/wp-content\/uploads\/2021\/03\/1147669.jpg","_links":{"self":[{"href":"http:\/\/vertienteglobal.com\/index.php?rest_route=\/wp\/v2\/posts\/177177","targetHints":{"allow":["GET"]}}],"collection":[{"href":"http:\/\/vertienteglobal.com\/index.php?rest_route=\/wp\/v2\/posts"}],"about":[{"href":"http:\/\/vertienteglobal.com\/index.php?rest_route=\/wp\/v2\/types\/post"}],"author":[{"embeddable":true,"href":"http:\/\/vertienteglobal.com\/index.php?rest_route=\/wp\/v2\/users\/1"}],"replies":[{"embeddable":true,"href":"http:\/\/vertienteglobal.com\/index.php?rest_route=%2Fwp%2Fv2%2Fcomments&post=177177"}],"version-history":[{"count":0,"href":"http:\/\/vertienteglobal.com\/index.php?rest_route=\/wp\/v2\/posts\/177177\/revisions"}],"wp:featuredmedia":[{"embeddable":true,"href":"http:\/\/vertienteglobal.com\/index.php?rest_route=\/wp\/v2\/media\/177178"}],"wp:attachment":[{"href":"http:\/\/vertienteglobal.com\/index.php?rest_route=%2Fwp%2Fv2%2Fmedia&parent=177177"}],"wp:term":[{"taxonomy":"category","embeddable":true,"href":"http:\/\/vertienteglobal.com\/index.php?rest_route=%2Fwp%2Fv2%2Fcategories&post=177177"},{"taxonomy":"post_tag","embeddable":true,"href":"http:\/\/vertienteglobal.com\/index.php?rest_route=%2Fwp%2Fv2%2Ftags&post=177177"}],"curies":[{"name":"wp","href":"https:\/\/api.w.org\/{rel}","templated":true}]}}