{"id":177097,"date":"2021-03-07T18:06:00","date_gmt":"2021-03-08T00:06:00","guid":{"rendered":"http:\/\/vertienteglobal.com\/?p=177097"},"modified":"2021-03-07T20:07:03","modified_gmt":"2021-03-08T02:07:03","slug":"el-error-desconocido-en-la-bandera-de-mexico","status":"publish","type":"post","link":"http:\/\/vertienteglobal.com\/?p=177097","title":{"rendered":"El error desconocido en la bandera de M\u00e9xico"},"content":{"rendered":"\n<div class=\"twitterbutton\" style=\"float: right; padding-left: 5px;\"><a href=\"http:\/\/twitter.com\/share\" class=\"twitter-share-button\" data-count=\"horizontal\" data-text=\"El error desconocido en la bandera de M\u00e9xico\" data-via=\"https:\/\/twitter.com\/VertienteGloba1\" data-url=\"http:\/\/vertienteglobal.com\/?p=177097\" data-lang=\"es\" data-related=\"Informaci\u00f3n general:S\u00edguenos para que est\u00e9ss informado\"><\/a><\/div>\n<figure class=\"wp-block-image size-large\"><img loading=\"lazy\" decoding=\"async\" width=\"866\" height=\"538\" src=\"http:\/\/vertienteglobal.com\/wp-content\/uploads\/2021\/03\/este-de-febrero-celebramos-el_85_0_770_479.jpg\" alt=\"\" class=\"wp-image-177098\" srcset=\"http:\/\/vertienteglobal.com\/wp-content\/uploads\/2021\/03\/este-de-febrero-celebramos-el_85_0_770_479.jpg 866w, http:\/\/vertienteglobal.com\/wp-content\/uploads\/2021\/03\/este-de-febrero-celebramos-el_85_0_770_479-300x186.jpg 300w, http:\/\/vertienteglobal.com\/wp-content\/uploads\/2021\/03\/este-de-febrero-celebramos-el_85_0_770_479-150x93.jpg 150w, http:\/\/vertienteglobal.com\/wp-content\/uploads\/2021\/03\/este-de-febrero-celebramos-el_85_0_770_479-768x477.jpg 768w\" sizes=\"auto, (max-width: 866px) 100vw, 866px\" \/><\/figure>\n\n\n\n<p>(Redaccion)<\/p>\n\n\n\n<p>La equivocaci\u00f3n a la que nos referimos se encuentra debajo de las patas de nuestra amada \u00e1guila real mexicana,&nbsp;hablamos de las hoja de laurel<\/p>\n\n\n\n<p>Ciudad de M\u00e9xico, a 07 de marzo de 2021.- Desde 1968 el escudo oficial de la&nbsp;Rep\u00fablica Mexicana&nbsp;tiene un error que casi nadie conoce; incluso esta falla se ha replicado hasta en el m\u00e1ximo s\u00edmbolo patrio: la bandera nacional.<\/p>\n\n\n\n<p>La equivocaci\u00f3n a la que nos referimos se encuentra debajo de las patas de nuestra amada \u00e1guila real mexicana,&nbsp;hablamos de las hoja de laurel.&nbsp;<\/p>\n\n\n\n<p>La Flora del Escudo Nacional Mexicano<\/p>\n\n\n\n<p>El descubrimiento lo hicieron las investigadoras de la&nbsp;Universidad Aut\u00f3noma Metropolitana&nbsp;(UAM), Mar\u00eda de Lourdes Aguilar Enr\u00edquez y Carmen de la Paz P\u00e9rez Olvera, quienes publicaron el estudio \u201cLa Flora del Escudo Nacional Mexicano\u201d.<\/p>\n\n\n\n<p>Pese al error el dise\u00f1o del \u201cPeso de Victoria\u201d se convirti\u00f3 en escudo nacional en 1968 coloc\u00e1ndose en la bandera mexicana que tenemos hasta la fecha.<\/p>\n\n\n\n<p>La especie Laurus Nobilis tiene ramas con hojas separadas una de otra, pero nuestros escudo actual no tom\u00f3 en cuenta esto.<br>(Fuente: M\u00e9xico Desconocido)<\/p>\n","protected":false},"excerpt":{"rendered":"<p>(Redaccion) La equivocaci\u00f3n a la que nos referimos se encuentra debajo de las patas de nuestra amada \u00e1guila real mexicana,&nbsp;hablamos de las hoja de laurel Ciudad de M\u00e9xico, a 07 de marzo de 2021.- Desde 1968 el escudo oficial de la&nbsp;Rep\u00fablica Mexicana&nbsp;tiene un error que casi nadie conoce; incluso esta falla se ha replicado hasta [&hellip;]<\/p>\n","protected":false},"author":1,"featured_media":177098,"comment_status":"open","ping_status":"open","sticky":false,"template":"","format":"standard","meta":{"footnotes":""},"categories":[8],"tags":[],"class_list":["post-177097","post","type-post","status-publish","format-standard","has-post-thumbnail","hentry","category-pais","entry","has-media"],"jetpack_featured_media_url":"http:\/\/vertienteglobal.com\/wp-content\/uploads\/2021\/03\/este-de-febrero-celebramos-el_85_0_770_479.jpg","_links":{"self":[{"href":"http:\/\/vertienteglobal.com\/index.php?rest_route=\/wp\/v2\/posts\/177097","targetHints":{"allow":["GET"]}}],"collection":[{"href":"http:\/\/vertienteglobal.com\/index.php?rest_route=\/wp\/v2\/posts"}],"about":[{"href":"http:\/\/vertienteglobal.com\/index.php?rest_route=\/wp\/v2\/types\/post"}],"author":[{"embeddable":true,"href":"http:\/\/vertienteglobal.com\/index.php?rest_route=\/wp\/v2\/users\/1"}],"replies":[{"embeddable":true,"href":"http:\/\/vertienteglobal.com\/index.php?rest_route=%2Fwp%2Fv2%2Fcomments&post=177097"}],"version-history":[{"count":0,"href":"http:\/\/vertienteglobal.com\/index.php?rest_route=\/wp\/v2\/posts\/177097\/revisions"}],"wp:featuredmedia":[{"embeddable":true,"href":"http:\/\/vertienteglobal.com\/index.php?rest_route=\/wp\/v2\/media\/177098"}],"wp:attachment":[{"href":"http:\/\/vertienteglobal.com\/index.php?rest_route=%2Fwp%2Fv2%2Fmedia&parent=177097"}],"wp:term":[{"taxonomy":"category","embeddable":true,"href":"http:\/\/vertienteglobal.com\/index.php?rest_route=%2Fwp%2Fv2%2Fcategories&post=177097"},{"taxonomy":"post_tag","embeddable":true,"href":"http:\/\/vertienteglobal.com\/index.php?rest_route=%2Fwp%2Fv2%2Ftags&post=177097"}],"curies":[{"name":"wp","href":"https:\/\/api.w.org\/{rel}","templated":true}]}}