{"id":177028,"date":"2021-03-07T07:50:00","date_gmt":"2021-03-07T13:50:00","guid":{"rendered":"http:\/\/vertienteglobal.com\/?p=177028"},"modified":"2021-03-07T09:19:15","modified_gmt":"2021-03-07T15:19:15","slug":"abre-sedena-convocatoria-para-que-abogados-ingresen-al-servicio-de-justicia-militar","status":"publish","type":"post","link":"http:\/\/vertienteglobal.com\/?p=177028","title":{"rendered":"Abre Sedena convocatoria para que abogados ingresen al Servicio de Justicia Militar"},"content":{"rendered":"\n<div class=\"twitterbutton\" style=\"float: right; padding-left: 5px;\"><a href=\"http:\/\/twitter.com\/share\" class=\"twitter-share-button\" data-count=\"horizontal\" data-text=\"Abre Sedena convocatoria para que abogados ingresen al Servicio de Justicia Mili...\" data-via=\"https:\/\/twitter.com\/VertienteGloba1\" data-url=\"http:\/\/vertienteglobal.com\/?p=177028\" data-lang=\"es\" data-related=\"Informaci\u00f3n general:S\u00edguenos para que est\u00e9ss informado\"><\/a><\/div>\n<figure class=\"wp-block-image size-large\"><img loading=\"lazy\" decoding=\"async\" width=\"1024\" height=\"683\" src=\"http:\/\/vertienteglobal.com\/wp-content\/uploads\/2021\/03\/1147497.jpg\" alt=\"\" class=\"wp-image-177029\" srcset=\"http:\/\/vertienteglobal.com\/wp-content\/uploads\/2021\/03\/1147497.jpg 1024w, http:\/\/vertienteglobal.com\/wp-content\/uploads\/2021\/03\/1147497-300x200.jpg 300w, http:\/\/vertienteglobal.com\/wp-content\/uploads\/2021\/03\/1147497-150x100.jpg 150w, http:\/\/vertienteglobal.com\/wp-content\/uploads\/2021\/03\/1147497-768x512.jpg 768w\" sizes=\"auto, (max-width: 1024px) 100vw, 1024px\" \/><\/figure>\n\n\n\n<p>(Redacci\u00f3n)<\/p>\n\n\n\n<p>Los requisitos que deber\u00e1n presentarse del 22 de febrero al 22 de abril de 2021, entre los que destaca ser ciudadano mexicano en pleno ejercicio de sus derechos pol\u00edticos y civiles, que no adquiera o haya adquirido otra nacionalidad; contar con el Servicio Militar Nacional (en el caso de hombres); y tener buena salud f\u00edsica y mental<\/p>\n\n\n\n<p>Ciudad de Mexico, a 07 de marzo de 2021.- La Secretar\u00eda de la Defensa Nacional (Sedena) abri\u00f3 la convocatoria para que abogados ingresen al Servicio de Justicia Militar.<\/p>\n\n\n\n<p>La Sedena public\u00f3 los requisitos que deber\u00e1n presentarse del 22 de febrero al 22 de abril de 2021, entre los que destaca ser ciudadano mexicano en pleno ejercicio de sus derechos pol\u00edticos y civiles, que no adquiera o haya adquirido otra nacionalidad; contar con el Servicio Militar Nacional (en el caso de hombres); y tener buena salud f\u00edsica y mental.<\/p>\n\n\n\n<p>Los interesados deber\u00e1n contar con un \u00cdndice de Masa Corporal (IMC) entre el rango de 18.5 y hasta 27.9 kg\/m; buena conducta; no haber sido condenado o sentenciado irrevocablemente por delitos dolosos ni enfrentar un proceso penal; no estar suspendido o inhabilitado, ni haber sido destituido como servidor p\u00fablico, de cuerpos de seguridad p\u00fablica o fuerzas armadas.<\/p>\n\n\n\n<p>Deber\u00e1n contar con disponibilidad para cambiar de residencia a cualquier parte del pa\u00eds o ser destinado a prestar sus servicios al Ej\u00e9rcito, Fuerza A\u00e9rea o Guardia Nacional; no utilizar sustancias psicotr\u00f3picas, estupefacientes u otras que produzcan efectos similares, ni padecer alcoholismo.<br>No deber\u00e1n tener tatuajes, dibujos o grabados sobre la piel o debajo de ella, en zonas que no puedan ser cubiertas por el uniforme institucional.<\/p>\n\n\n\n<p>No se aceptar\u00e1n personas con tatuajes de una dimensi\u00f3n superior a 10 x 10 cent\u00edmetros ni con perforaciones en el cuerpo, en tanto que en el caso de las mujeres solo se permitir\u00e1 el uso de un arete en cada oreja.<\/p>\n\n\n\n<p>La Sedena pide presentar y acreditar las evaluaciones de cultura, m\u00e9dica, psicol\u00f3gica y de capacidad f\u00edsica, y que los aspirantes tengan entre 18 y 29 a\u00f1os, 11 meses y 29 d\u00edas al momento de formalizar su solicitud de participaci\u00f3n, as\u00ed como acreditar la conclusi\u00f3n de estudios de licenciatura de derecho y contar con t\u00edtulo y c\u00e9dula profesional.<\/p>\n\n\n\n<p>Se\u00f1ala que la estatura m\u00ednima deber\u00e1 ser de 1.55 metros en el caso de las mujeres y 1.63 en los hombres, ambos sin calzado.<\/p>\n\n\n\n<p>Detalla que deber\u00e1 presentarse en original y copia un acta de nacimiento no mayor a tres meses, certificado de estudios con promedio m\u00ednimo de 8; t\u00edtulo y c\u00e9dula profesional de la licenciatura de derecho; comprobante de domicilio actual con vigencia no mayor a 60 d\u00edas; Cartilla de Servicio Militar liberada, en el caso de los hombres; credencial para votar con fotograf\u00eda expedida por el INE vigente o pasaporte vigente; curr\u00edculum con fotograf\u00eda vigente, firmado en todas un m\u00e1ximo de tres hojas sin engargolar, con fecha de elaboraci\u00f3n y sin anexos.<\/p>\n\n\n\n<p>Deber\u00e1n presentar original y copia tambi\u00e9n del RFC, CURP, una fotograf\u00eda tama\u00f1o infantil reciente; constancia de antecedentes no penales actualizada, certificado donde se especifique que el aspirante se encuentra en buen estado de salud y sin ninguna patolog\u00eda.<\/p>\n\n\n\n<p>Informa que los interesados deber\u00e1n acudir a la Direcci\u00f3n General de Justicia Militar con la documentaci\u00f3n se\u00f1alada en la siguiente ubicaci\u00f3n: avenida Ej\u00e9rcito Nacional S\/N, colonia Irrigaci\u00f3n, alcald\u00eda Miguel Hidalgo, en un horario de 9:00 a 14:00 horas, de lunes a viernes.<\/p>\n\n\n\n<p>Mientras que V\u00eda correo electr\u00f3nico y en el m\u00f3dulo de atenci\u00f3n de la direcci\u00f3n general se dar\u00e1n a conocer las fechas en las que se aplicar\u00e1n las evaluaciones m\u00e9dica, psicol\u00f3gica, cultural y de capacidad f\u00edsica.<\/p>\n","protected":false},"excerpt":{"rendered":"<p>(Redacci\u00f3n) Los requisitos que deber\u00e1n presentarse del 22 de febrero al 22 de abril de 2021, entre los que destaca ser ciudadano mexicano en pleno ejercicio de sus derechos pol\u00edticos y civiles, que no adquiera o haya adquirido otra nacionalidad; contar con el Servicio Militar Nacional (en el caso de hombres); y tener buena salud [&hellip;]<\/p>\n","protected":false},"author":1,"featured_media":177029,"comment_status":"open","ping_status":"open","sticky":false,"template":"","format":"standard","meta":{"footnotes":""},"categories":[8],"tags":[],"class_list":["post-177028","post","type-post","status-publish","format-standard","has-post-thumbnail","hentry","category-pais","entry","has-media"],"jetpack_featured_media_url":"http:\/\/vertienteglobal.com\/wp-content\/uploads\/2021\/03\/1147497.jpg","_links":{"self":[{"href":"http:\/\/vertienteglobal.com\/index.php?rest_route=\/wp\/v2\/posts\/177028","targetHints":{"allow":["GET"]}}],"collection":[{"href":"http:\/\/vertienteglobal.com\/index.php?rest_route=\/wp\/v2\/posts"}],"about":[{"href":"http:\/\/vertienteglobal.com\/index.php?rest_route=\/wp\/v2\/types\/post"}],"author":[{"embeddable":true,"href":"http:\/\/vertienteglobal.com\/index.php?rest_route=\/wp\/v2\/users\/1"}],"replies":[{"embeddable":true,"href":"http:\/\/vertienteglobal.com\/index.php?rest_route=%2Fwp%2Fv2%2Fcomments&post=177028"}],"version-history":[{"count":0,"href":"http:\/\/vertienteglobal.com\/index.php?rest_route=\/wp\/v2\/posts\/177028\/revisions"}],"wp:featuredmedia":[{"embeddable":true,"href":"http:\/\/vertienteglobal.com\/index.php?rest_route=\/wp\/v2\/media\/177029"}],"wp:attachment":[{"href":"http:\/\/vertienteglobal.com\/index.php?rest_route=%2Fwp%2Fv2%2Fmedia&parent=177028"}],"wp:term":[{"taxonomy":"category","embeddable":true,"href":"http:\/\/vertienteglobal.com\/index.php?rest_route=%2Fwp%2Fv2%2Fcategories&post=177028"},{"taxonomy":"post_tag","embeddable":true,"href":"http:\/\/vertienteglobal.com\/index.php?rest_route=%2Fwp%2Fv2%2Ftags&post=177028"}],"curies":[{"name":"wp","href":"https:\/\/api.w.org\/{rel}","templated":true}]}}