{"id":176891,"date":"2021-03-05T19:24:46","date_gmt":"2021-03-06T01:24:46","guid":{"rendered":"http:\/\/vertienteglobal.com\/?p=176891"},"modified":"2021-03-06T08:23:38","modified_gmt":"2021-03-06T14:23:38","slug":"ante-covid-19-la-unam-aplicara-examen-unico-de-admision-a-licenciatura","status":"publish","type":"post","link":"http:\/\/vertienteglobal.com\/?p=176891","title":{"rendered":"Ante COVID-19, la UNAM aplicar\u00e1 examen \u00fanico de admisi\u00f3n a licenciatura"},"content":{"rendered":"\n<div class=\"twitterbutton\" style=\"float: right; padding-left: 5px;\"><a href=\"http:\/\/twitter.com\/share\" class=\"twitter-share-button\" data-count=\"horizontal\" data-text=\"Ante COVID-19, la UNAM aplicar\u00e1 examen \u00fanico de admisi\u00f3n a licenciatura\" data-via=\"https:\/\/twitter.com\/VertienteGloba1\" data-url=\"http:\/\/vertienteglobal.com\/?p=176891\" data-lang=\"es\" data-related=\"Informaci\u00f3n general:S\u00edguenos para que est\u00e9ss informado\"><\/a><\/div>\n<figure class=\"wp-block-image size-large\"><img loading=\"lazy\" decoding=\"async\" width=\"1024\" height=\"682\" src=\"http:\/\/vertienteglobal.com\/wp-content\/uploads\/2021\/03\/1147314.jpg\" alt=\"\" class=\"wp-image-176892\" srcset=\"http:\/\/vertienteglobal.com\/wp-content\/uploads\/2021\/03\/1147314.jpg 1024w, http:\/\/vertienteglobal.com\/wp-content\/uploads\/2021\/03\/1147314-300x200.jpg 300w, http:\/\/vertienteglobal.com\/wp-content\/uploads\/2021\/03\/1147314-150x100.jpg 150w, http:\/\/vertienteglobal.com\/wp-content\/uploads\/2021\/03\/1147314-768x512.jpg 768w\" sizes=\"auto, (max-width: 1024px) 100vw, 1024px\" \/><\/figure>\n\n\n\n<p>(Redacci\u00f3n)<\/p>\n\n\n\n<p>Se ha determinado ampliar del 16 al 18 de marzo pr\u00f3ximos&nbsp; el registro al Concurso, para aquellos aspirantes que no lo hicieron en enero del presente a\u00f1o. Cabe destacar, que en este proceso \u00fanico se respetar\u00e1 la oferta educativa contemplada para los dos concursos<\/p>\n\n\n\n<p>Ciudad de Mexico a 05 de marzo de 2021.- La Universidad Nacional Aut\u00f3noma de M\u00e9xico (UNAM) inform\u00f3 este viernes a trav\u00e9s de un comunicado que s\u00f3lo se llevar\u00e1 un s\u00f3lo examen de ingreso a Licenciatura para sus sistemas escolarizados, educaci\u00f3n abierta y en modalidad a distancia, determinando que se ampliar\u00e1 del 16 al 18 de marzo el registro para el proceso de selecci\u00f3n e ingreso.<\/p>\n\n\n\n<p>A continuaci\u00f3n el comunicado:<\/p>\n\n\n\n<p>Debido a que la emergencia sanitaria ha afectado el desarrollo y los tiempos tradicionales de la Universidad Nacional Aut\u00f3noma de M\u00e9xico, en esta ocasi\u00f3n se llevar\u00e1 a cabo un \u00fanico proceso de ingreso a nivel licenciatura en los sistemas Escolarizado, de Universidad Abierta y a Distancia para&nbsp; el pr\u00f3ximo ciclo escolar, con el objetivo de brindar condiciones de equidad e igualdad para todos los aspirantes.<\/p>\n\n\n\n<p>Como es del conocimiento p\u00fablico, el desarrollo del sem\u00e1foro epidemiol\u00f3gico por la COVID-19 no permiti\u00f3 aplicar el examen del Concurso de Selecci\u00f3n a nivel Licenciatura programado del 20 de febrero al 9 de marzo.<\/p>\n\n\n\n<p>En consecuencia, se ha determinado ampliar del 16 al 18 de marzo pr\u00f3ximos&nbsp; el registro al Concurso, para aquellos aspirantes que no lo hicieron en enero del presente a\u00f1o. Cabe destacar, que en este proceso \u00fanico se respetar\u00e1 la oferta educativa contemplada para los dos concursos.<\/p>\n\n\n\n<p>El examen correspondiente al Concurso de Selecci\u00f3n (que incluye a quienes se registraron en enero y a los del nuevo registro) queda programado para el periodo del 8 de mayo al 8 de junio de 2021.<\/p>\n\n\n\n<p>Esto permitir\u00e1 que no se aplace el inicio del ciclo escolar 2021-2022 contemplado para&nbsp; comenzar el pr\u00f3ximo 9 de agosto.<\/p>\n\n\n\n<p>La aplicaci\u00f3n de este \u00fanico examen a nivel licenciatura se realizar\u00e1 obedeciendo a la necesidad de contar con mejores condiciones sanitarias para evitar contagios entre los sustentantes y los trabajadores, quienes participar\u00e1n de manera&nbsp; presencial en el mismo, por lo que las fechas quedan sujetas a las instrucciones y medidas que las autoridades sanitarias determinen.(Fuente: UNAM)<\/p>\n","protected":false},"excerpt":{"rendered":"<p>(Redacci\u00f3n) Se ha determinado ampliar del 16 al 18 de marzo pr\u00f3ximos&nbsp; el registro al Concurso, para aquellos aspirantes que no lo hicieron en enero del presente a\u00f1o. Cabe destacar, que en este proceso \u00fanico se respetar\u00e1 la oferta educativa contemplada para los dos concursos Ciudad de Mexico a 05 de marzo de 2021.- La [&hellip;]<\/p>\n","protected":false},"author":1,"featured_media":176892,"comment_status":"open","ping_status":"open","sticky":false,"template":"","format":"standard","meta":{"footnotes":""},"categories":[9,8],"tags":[],"class_list":["post-176891","post","type-post","status-publish","format-standard","has-post-thumbnail","hentry","category-educacion","category-pais","entry","has-media"],"jetpack_featured_media_url":"http:\/\/vertienteglobal.com\/wp-content\/uploads\/2021\/03\/1147314.jpg","_links":{"self":[{"href":"http:\/\/vertienteglobal.com\/index.php?rest_route=\/wp\/v2\/posts\/176891","targetHints":{"allow":["GET"]}}],"collection":[{"href":"http:\/\/vertienteglobal.com\/index.php?rest_route=\/wp\/v2\/posts"}],"about":[{"href":"http:\/\/vertienteglobal.com\/index.php?rest_route=\/wp\/v2\/types\/post"}],"author":[{"embeddable":true,"href":"http:\/\/vertienteglobal.com\/index.php?rest_route=\/wp\/v2\/users\/1"}],"replies":[{"embeddable":true,"href":"http:\/\/vertienteglobal.com\/index.php?rest_route=%2Fwp%2Fv2%2Fcomments&post=176891"}],"version-history":[{"count":0,"href":"http:\/\/vertienteglobal.com\/index.php?rest_route=\/wp\/v2\/posts\/176891\/revisions"}],"wp:featuredmedia":[{"embeddable":true,"href":"http:\/\/vertienteglobal.com\/index.php?rest_route=\/wp\/v2\/media\/176892"}],"wp:attachment":[{"href":"http:\/\/vertienteglobal.com\/index.php?rest_route=%2Fwp%2Fv2%2Fmedia&parent=176891"}],"wp:term":[{"taxonomy":"category","embeddable":true,"href":"http:\/\/vertienteglobal.com\/index.php?rest_route=%2Fwp%2Fv2%2Fcategories&post=176891"},{"taxonomy":"post_tag","embeddable":true,"href":"http:\/\/vertienteglobal.com\/index.php?rest_route=%2Fwp%2Fv2%2Ftags&post=176891"}],"curies":[{"name":"wp","href":"https:\/\/api.w.org\/{rel}","templated":true}]}}