{"id":176801,"date":"2021-03-04T22:24:48","date_gmt":"2021-03-05T04:24:48","guid":{"rendered":"http:\/\/vertienteglobal.com\/?p=176801"},"modified":"2021-03-05T07:52:47","modified_gmt":"2021-03-05T13:52:47","slug":"facebook-permitira-a-usuarios-bloquear-anuncios-politicos-enterate-como","status":"publish","type":"post","link":"http:\/\/vertienteglobal.com\/?p=176801","title":{"rendered":"Facebook permitir\u00e1 a usuarios bloquear anuncios pol\u00edticos; ent\u00e9rate c\u00f3mo"},"content":{"rendered":"\n<div class=\"twitterbutton\" style=\"float: right; padding-left: 5px;\"><a href=\"http:\/\/twitter.com\/share\" class=\"twitter-share-button\" data-count=\"horizontal\" data-text=\"Facebook permitir\u00e1 a usuarios bloquear anuncios pol\u00edticos; ent\u00e9rate c\u00f3mo\" data-via=\"https:\/\/twitter.com\/VertienteGloba1\" data-url=\"http:\/\/vertienteglobal.com\/?p=176801\" data-lang=\"es\" data-related=\"Informaci\u00f3n general:S\u00edguenos para que est\u00e9ss informado\"><\/a><\/div>\n<figure class=\"wp-block-image size-large\"><img loading=\"lazy\" decoding=\"async\" width=\"1024\" height=\"570\" src=\"http:\/\/vertienteglobal.com\/wp-content\/uploads\/2021\/03\/1147142.jpg\" alt=\"\" class=\"wp-image-176802\" srcset=\"http:\/\/vertienteglobal.com\/wp-content\/uploads\/2021\/03\/1147142.jpg 1024w, http:\/\/vertienteglobal.com\/wp-content\/uploads\/2021\/03\/1147142-300x167.jpg 300w, http:\/\/vertienteglobal.com\/wp-content\/uploads\/2021\/03\/1147142-150x83.jpg 150w, http:\/\/vertienteglobal.com\/wp-content\/uploads\/2021\/03\/1147142-768x428.jpg 768w\" sizes=\"auto, (max-width: 1024px) 100vw, 1024px\" \/><\/figure>\n\n\n\n<p>(Redacci\u00f3n)<\/p>\n\n\n\n<p>Esta herramienta se puede utilizar en tus cuentas tanto de Facebook, como en Instagram<\/p>\n\n\n\n<p>Ciudad de Mexico a 04 de marzo de 2021.- La red social Facebook lanz\u00f3 este jueves un control especial para M\u00e9xico, el cual busca reducir la cantidad de anuncios sobre temas electorales y pol\u00edticos en sus plataformas.<\/p>\n\n\n\n<p>Esta herramienta se puede utilizar en tus cuentas tanto de Facebook, como en Instagram, aunque se debe activar de la siguiente manera:<\/p>\n\n\n\n<p>Ve a tu cuenta y busca &#8216;Configuraci\u00f3n y privacidad&#8217;. Despu\u00e9s haz clic en &#8216;Configuraci\u00f3n&#8217;.<\/p>\n\n\n\n<p>Cuando se abran las opciones, debes buscar la que diga &#8216;Anuncios&#8217;. Debajo viene la opci\u00f3n &#8216;Preferencias de anuncios&#8217;.<\/p>\n\n\n\n<p>Despu\u00e9s haz clic en &#8216;Temas de anuncios&#8217;.<\/p>\n\n\n\n<p>Elige &#8216;Ver menos&#8217; dentro de la categor\u00eda de elecciones y pol\u00edtica.<\/p>\n\n\n\n<p>Otra opci\u00f3n es que habilites el control directamente en las opciones de configuraci\u00f3n que aparecen en ese tipo de anuncios.<\/p>\n\n\n\n<p>Marcos Tourinho, l\u00edder del equipo de elecciones para Am\u00e9rica Latina en Facebook, a trav\u00e9s de un comunicado:<\/p>\n\n\n\n<p>\u00abLa funci\u00f3n nace de nuestras conversaciones con usuarios, activistas y organizaciones alrededor del mundo, quienes nos expresaron que las personas quieren tener m\u00e1s control de la visualizaci\u00f3n de anuncios sobre procesos electorales y saber m\u00e1s sobre qui\u00e9nes publican dicho contenido\u201d.<\/p>\n","protected":false},"excerpt":{"rendered":"<p>(Redacci\u00f3n) Esta herramienta se puede utilizar en tus cuentas tanto de Facebook, como en Instagram Ciudad de Mexico a 04 de marzo de 2021.- La red social Facebook lanz\u00f3 este jueves un control especial para M\u00e9xico, el cual busca reducir la cantidad de anuncios sobre temas electorales y pol\u00edticos en sus plataformas. Esta herramienta se [&hellip;]<\/p>\n","protected":false},"author":1,"featured_media":176802,"comment_status":"open","ping_status":"open","sticky":false,"template":"","format":"standard","meta":{"footnotes":""},"categories":[8],"tags":[],"class_list":["post-176801","post","type-post","status-publish","format-standard","has-post-thumbnail","hentry","category-pais","entry","has-media"],"jetpack_featured_media_url":"http:\/\/vertienteglobal.com\/wp-content\/uploads\/2021\/03\/1147142.jpg","_links":{"self":[{"href":"http:\/\/vertienteglobal.com\/index.php?rest_route=\/wp\/v2\/posts\/176801","targetHints":{"allow":["GET"]}}],"collection":[{"href":"http:\/\/vertienteglobal.com\/index.php?rest_route=\/wp\/v2\/posts"}],"about":[{"href":"http:\/\/vertienteglobal.com\/index.php?rest_route=\/wp\/v2\/types\/post"}],"author":[{"embeddable":true,"href":"http:\/\/vertienteglobal.com\/index.php?rest_route=\/wp\/v2\/users\/1"}],"replies":[{"embeddable":true,"href":"http:\/\/vertienteglobal.com\/index.php?rest_route=%2Fwp%2Fv2%2Fcomments&post=176801"}],"version-history":[{"count":0,"href":"http:\/\/vertienteglobal.com\/index.php?rest_route=\/wp\/v2\/posts\/176801\/revisions"}],"wp:featuredmedia":[{"embeddable":true,"href":"http:\/\/vertienteglobal.com\/index.php?rest_route=\/wp\/v2\/media\/176802"}],"wp:attachment":[{"href":"http:\/\/vertienteglobal.com\/index.php?rest_route=%2Fwp%2Fv2%2Fmedia&parent=176801"}],"wp:term":[{"taxonomy":"category","embeddable":true,"href":"http:\/\/vertienteglobal.com\/index.php?rest_route=%2Fwp%2Fv2%2Fcategories&post=176801"},{"taxonomy":"post_tag","embeddable":true,"href":"http:\/\/vertienteglobal.com\/index.php?rest_route=%2Fwp%2Fv2%2Ftags&post=176801"}],"curies":[{"name":"wp","href":"https:\/\/api.w.org\/{rel}","templated":true}]}}