{"id":176789,"date":"2021-03-04T21:50:13","date_gmt":"2021-03-05T03:50:13","guid":{"rendered":"http:\/\/vertienteglobal.com\/?p=176789"},"modified":"2021-03-05T07:45:17","modified_gmt":"2021-03-05T13:45:17","slug":"quintana-roo-se-mantiene-en-un-descenso-en-el-numero-de-casos-por-covid-19-carlos-joaquin","status":"publish","type":"post","link":"http:\/\/vertienteglobal.com\/?p=176789","title":{"rendered":"Quintana Roo se mantiene en un descenso en el n\u00famero de casos por Covid-19: Carlos Joaqu\u00edn"},"content":{"rendered":"\n<div class=\"twitterbutton\" style=\"float: right; padding-left: 5px;\"><a href=\"http:\/\/twitter.com\/share\" class=\"twitter-share-button\" data-count=\"horizontal\" data-text=\"Quintana Roo se mantiene en un descenso en el n\u00famero de casos por Covid-19: Car...\" data-via=\"https:\/\/twitter.com\/VertienteGloba1\" data-url=\"http:\/\/vertienteglobal.com\/?p=176789\" data-lang=\"es\" data-related=\"Informaci\u00f3n general:S\u00edguenos para que est\u00e9ss informado\"><\/a><\/div>\n<figure class=\"wp-block-image size-large\"><img loading=\"lazy\" decoding=\"async\" width=\"1024\" height=\"673\" src=\"http:\/\/vertienteglobal.com\/wp-content\/uploads\/2021\/03\/CJ-Mantiene-1024x673.jpeg\" alt=\"\" class=\"wp-image-176790\" srcset=\"http:\/\/vertienteglobal.com\/wp-content\/uploads\/2021\/03\/CJ-Mantiene-1024x673.jpeg 1024w, http:\/\/vertienteglobal.com\/wp-content\/uploads\/2021\/03\/CJ-Mantiene-300x197.jpeg 300w, http:\/\/vertienteglobal.com\/wp-content\/uploads\/2021\/03\/CJ-Mantiene-150x99.jpeg 150w, http:\/\/vertienteglobal.com\/wp-content\/uploads\/2021\/03\/CJ-Mantiene-768x505.jpeg 768w, http:\/\/vertienteglobal.com\/wp-content\/uploads\/2021\/03\/CJ-Mantiene.jpeg 1280w\" sizes=\"auto, (max-width: 1024px) 100vw, 1024px\" \/><\/figure>\n\n\n\n<p>(Redaccion)<\/p>\n\n\n\n<p>Esta condici\u00f3n permite trabajar m\u00e1s r\u00e1pido y avanzar hacia la recuperaci\u00f3n de las actividades, la generaci\u00f3n de empleos y el crecimiento econ\u00f3mico<\/p>\n\n\n\n<p>Sin embargo, el gobernador de Quintana Roo exhort\u00f3 a no relajar medidas, a no bajar los brazos, pues la pandemia no ha terminado<\/p>\n\n\n\n<p>Canc\u00fan, Quintana Roo, a 04 de marzo de 2021.- El gobernador Carlos Joaqu\u00edn explic\u00f3 que durante la semana pasada se registr\u00f3 un descenso en el n\u00famero de contagios, muertes y ocupaci\u00f3n hospitalaria por Covid-19 y si se mantiene este ritmo podemos avanzar al color verde en el Sem\u00e1foro Epidemiol\u00f3gico Estatal.<\/p>\n\n\n\n<p>\u201cDebemos prepararnos para esto, pero no pensemos que la pandemia ha terminado.<\/p>\n\n\n\n<p>Es momento de fortalecer las medidas preventivas, el uso de los h\u00e1bitos, la pr\u00e1ctica de los protocolos. Con ello estaremos trabajando mejor para avanzar en la recuperaci\u00f3n econ\u00f3mica\u201d explic\u00f3 el gobernador de Quintana Roo.<\/p>\n\n\n\n<p>Para la semana del 8 al 14 de marzo, todo Quintana Roo se mantiene en color amarillo en el Sem\u00e1foro Epidemiol\u00f3gico Estatal, pero con importante descenso en la curva de contagios, dijo a conocer Carlos Joaqu\u00edn durante el programa Conexi\u00f3n Ciudadana que se transmiti\u00f3 por el Sistema Quintanarroense de Comunicaci\u00f3n Social y las redes de la Coordinaci\u00f3n General de Comunicaci\u00f3n.<\/p>\n\n\n\n<p>Por ejemplo, en el sur el riesgo de contagio est\u00e1 por debajo de 1, est\u00e1 en .86 aproximadamente.<\/p>\n\n\n\n<p>La ocupaci\u00f3n hospitalaria est\u00e1 en verde con menos del 10%<br>En el norte, la tasa de contagio est\u00e1 en .9 pero en franco descenso.<\/p>\n\n\n\n<p>La ocupaci\u00f3n hospitalaria, por debajo de 10%.<\/p>\n\n\n\n<p>Para llegar al color verde se requiere que la tasa de contagio est\u00e9 en .5, por lo que es imprescindible que no bajemos los brazos y no nos relajemos en la aplicaci\u00f3n de los h\u00e1bitos, a\u00f1adi\u00f3 el titular del Ejecutivo.<\/p>\n\n\n\n<p>En el mensaje dirigido a las y los quintanarroenses, Carlos Joaqu\u00edn expres\u00f3 que este descenso a y genera confianza en nuestros destinos para visitantes y turistas, por lo que -de nuevo- exhort\u00f3 a los empresarios a cuidar los horarios, a cuidar a sus empleados, trabajadores, clientes.<\/p>\n\n\n\n<p>\u201cDe eso dependente la confianza que podemos generar en los visitantes y de ello que tomen la decisi\u00f3n de venir a nuestros destinos y nos permita avanzar la recuperaci\u00f3n, de generaci\u00f3n de empleos que tanto necesitamos. Hay mucho trabajo por hacer\u201d precis\u00f3 Carlos Joaqu\u00edn.<\/p>\n\n\n\n<p>Dio a conocer las curvas de contagio por municipio que est\u00e1n de la siguiente forma:<br>Puerto Morelos.<\/p>\n\n\n\n<p>Jos\u00e9 Mar\u00eda Morelos y L\u00e1zaro C\u00e1rdenas que est\u00e1n con una disminuci\u00f3n al 100%; Tulum al 88%, Cozumel 57%, Felipe Carrillo Puerto 56% pero tiene estabilizaci\u00f3n en la curva, Isla Mujeres, estable al 50%, Oth\u00f3n P. Blanco, 31% en descenso, Benito Ju\u00e1rez 6%, Solidaridad, 5% y Bacalar que registr\u00f3 un aumento al 50%, en donde se aplicar\u00e1n todos los programas de prevenci\u00f3n.<\/p>\n","protected":false},"excerpt":{"rendered":"<p>(Redaccion) Esta condici\u00f3n permite trabajar m\u00e1s r\u00e1pido y avanzar hacia la recuperaci\u00f3n de las actividades, la generaci\u00f3n de empleos y el crecimiento econ\u00f3mico Sin embargo, el gobernador de Quintana Roo exhort\u00f3 a no relajar medidas, a no bajar los brazos, pues la pandemia no ha terminado Canc\u00fan, Quintana Roo, a 04 de marzo de 2021.- [&hellip;]<\/p>\n","protected":false},"author":1,"featured_media":176790,"comment_status":"open","ping_status":"open","sticky":false,"template":"","format":"standard","meta":{"footnotes":""},"categories":[3],"tags":[],"class_list":["post-176789","post","type-post","status-publish","format-standard","has-post-thumbnail","hentry","category-quintana-roo","entry","has-media"],"jetpack_featured_media_url":"http:\/\/vertienteglobal.com\/wp-content\/uploads\/2021\/03\/CJ-Mantiene.jpeg","_links":{"self":[{"href":"http:\/\/vertienteglobal.com\/index.php?rest_route=\/wp\/v2\/posts\/176789","targetHints":{"allow":["GET"]}}],"collection":[{"href":"http:\/\/vertienteglobal.com\/index.php?rest_route=\/wp\/v2\/posts"}],"about":[{"href":"http:\/\/vertienteglobal.com\/index.php?rest_route=\/wp\/v2\/types\/post"}],"author":[{"embeddable":true,"href":"http:\/\/vertienteglobal.com\/index.php?rest_route=\/wp\/v2\/users\/1"}],"replies":[{"embeddable":true,"href":"http:\/\/vertienteglobal.com\/index.php?rest_route=%2Fwp%2Fv2%2Fcomments&post=176789"}],"version-history":[{"count":0,"href":"http:\/\/vertienteglobal.com\/index.php?rest_route=\/wp\/v2\/posts\/176789\/revisions"}],"wp:featuredmedia":[{"embeddable":true,"href":"http:\/\/vertienteglobal.com\/index.php?rest_route=\/wp\/v2\/media\/176790"}],"wp:attachment":[{"href":"http:\/\/vertienteglobal.com\/index.php?rest_route=%2Fwp%2Fv2%2Fmedia&parent=176789"}],"wp:term":[{"taxonomy":"category","embeddable":true,"href":"http:\/\/vertienteglobal.com\/index.php?rest_route=%2Fwp%2Fv2%2Fcategories&post=176789"},{"taxonomy":"post_tag","embeddable":true,"href":"http:\/\/vertienteglobal.com\/index.php?rest_route=%2Fwp%2Fv2%2Ftags&post=176789"}],"curies":[{"name":"wp","href":"https:\/\/api.w.org\/{rel}","templated":true}]}}