{"id":176715,"date":"2021-03-04T09:24:00","date_gmt":"2021-03-04T15:24:00","guid":{"rendered":"http:\/\/vertienteglobal.com\/?p=176715"},"modified":"2021-03-04T20:25:10","modified_gmt":"2021-03-05T02:25:10","slug":"estos-son-los-productos-que-contienen-mas-cafeina","status":"publish","type":"post","link":"http:\/\/vertienteglobal.com\/?p=176715","title":{"rendered":"Estos son los productos que contienen m\u00e1s cafe\u00edna"},"content":{"rendered":"\n<div class=\"twitterbutton\" style=\"float: right; padding-left: 5px;\"><a href=\"http:\/\/twitter.com\/share\" class=\"twitter-share-button\" data-count=\"horizontal\" data-text=\"Estos son los productos que contienen m\u00e1s cafe\u00edna\" data-via=\"https:\/\/twitter.com\/VertienteGloba1\" data-url=\"http:\/\/vertienteglobal.com\/?p=176715\" data-lang=\"es\" data-related=\"Informaci\u00f3n general:S\u00edguenos para que est\u00e9ss informado\"><\/a><\/div>\n<figure class=\"wp-block-image size-large\"><img loading=\"lazy\" decoding=\"async\" width=\"800\" height=\"600\" src=\"http:\/\/vertienteglobal.com\/wp-content\/uploads\/2021\/03\/cafe-bueno-34322.jpg\" alt=\"\" class=\"wp-image-176716\" srcset=\"http:\/\/vertienteglobal.com\/wp-content\/uploads\/2021\/03\/cafe-bueno-34322.jpg 800w, http:\/\/vertienteglobal.com\/wp-content\/uploads\/2021\/03\/cafe-bueno-34322-300x225.jpg 300w, http:\/\/vertienteglobal.com\/wp-content\/uploads\/2021\/03\/cafe-bueno-34322-150x113.jpg 150w, http:\/\/vertienteglobal.com\/wp-content\/uploads\/2021\/03\/cafe-bueno-34322-768x576.jpg 768w\" sizes=\"auto, (max-width: 800px) 100vw, 800px\" \/><\/figure>\n\n\n\n<p>(Redaccion)<\/p>\n\n\n\n<p>El estudio, cuyos resultados est\u00e1n publicados en la Revista del Consumidor del mes de marzo, incluy\u00f3 un producto de semillas de girasol, descartando que esta semilla tenga cafe\u00edna, contrario a lo que se afirma en diversas publicaciones en redes sociales<\/p>\n\n\n\n<p>Ciudad de Mexico a 04 de marzo de 2021.- La Procuradur\u00eda Federal del Consumidor analiz\u00f3 74 productos, entre caf\u00e9s solubles puros, mezclados con az\u00facar, tostados y molidos; t\u00e9s, chocolates, helados, refrescos y otras bebidas, a los que someti\u00f3 a 212 pruebas.<\/p>\n\n\n\n<p>El estudio, cuyos resultados est\u00e1n publicados en la Revista del Consumidor del mes de marzo, incluy\u00f3 un producto de semillas de girasol, descartando que esta semilla tenga cafe\u00edna, contrario a lo que se afirma en diversas publicaciones en redes sociales.<\/p>\n\n\n\n<p>En el caso de los t\u00e9s que se declaran sin cafe\u00edna, pr\u00e1cticamente no contienen; mientras que los productos descafeinados tienen menos cafe\u00edna que sus contrapartes normales, pero contienen algo.<\/p>\n\n\n\n<p>Estos son los productos analizados que contienen m\u00e1s cafe\u00edna, dentro de su tipo:<br>Ke! Precio, Caf\u00e9 100% puro soluble\/200 g, con 4.3 g en 100 g base seca.<\/p>\n\n\n\n<p>Lindt EXCELLENCE, Chocolate amargo 95% Cacao\/80 g, con 0.08 g en 100 g.<\/p>\n\n\n\n<p>NESTEA, T\u00e9 negro sabor a lim\u00f3n. T\u00e9 negro soluble sabor a lim\u00f3n sin az\u00facar a\u00f1adido contiene az\u00facares provenientes de los ingredientes\/25 g, con 3.4 mg en 100 ml.<\/p>\n\n\n\n<p>FOUR O\u00b4CLOCK, T\u00e9 Negro\/32 g (16 bolsas de 2 g)<br>1.87 g en 100 g.<\/p>\n\n\n\n<p>Coca-Cola, Refresco sin az\u00facar con extracto de caf\u00e9\/235 ml, con 13.3 mg en 100 ml.<\/p>\n\n\n\n<p>VIVE100% GOYI, Bebida carbonatada adicionada con cafe\u00edna sabor ora azul\/500 ml, con 32.3 mg en 388 ml.<br>BIGELOW, T\u00e9 verde descafeinado\/25 g (20 pzas. de 1.25 g), con 0.25 g en 100 g.<\/p>\n\n\n\n<p>ALESSA, Chocolate Peppermint Tea sin cafe\u00edna\/40 g (20 bolsas de t\u00e9), con 0.02 g en 100 g.<\/p>\n\n\n\n<p>Cabe se\u00f1alar que las bebidas adicionadas con cafe\u00edna deben tener en la etiqueta, en un recuadro en letras mayores a la de los ingredientes, las siguientes leyendas de advertencia: \u201cNo se recomienda su consumo por ni\u00f1os menores de 12 a\u00f1os, mujeres embarazadas o lactando, personas sensibles a la cafe\u00edna, ni la mezcla con bebidas alcoh\u00f3licas\u201d.<\/p>\n","protected":false},"excerpt":{"rendered":"<p>(Redaccion) El estudio, cuyos resultados est\u00e1n publicados en la Revista del Consumidor del mes de marzo, incluy\u00f3 un producto de semillas de girasol, descartando que esta semilla tenga cafe\u00edna, contrario a lo que se afirma en diversas publicaciones en redes sociales Ciudad de Mexico a 04 de marzo de 2021.- La Procuradur\u00eda Federal del Consumidor [&hellip;]<\/p>\n","protected":false},"author":1,"featured_media":176716,"comment_status":"open","ping_status":"open","sticky":false,"template":"","format":"standard","meta":{"footnotes":""},"categories":[8],"tags":[],"class_list":["post-176715","post","type-post","status-publish","format-standard","has-post-thumbnail","hentry","category-pais","entry","has-media"],"jetpack_featured_media_url":"http:\/\/vertienteglobal.com\/wp-content\/uploads\/2021\/03\/cafe-bueno-34322.jpg","_links":{"self":[{"href":"http:\/\/vertienteglobal.com\/index.php?rest_route=\/wp\/v2\/posts\/176715","targetHints":{"allow":["GET"]}}],"collection":[{"href":"http:\/\/vertienteglobal.com\/index.php?rest_route=\/wp\/v2\/posts"}],"about":[{"href":"http:\/\/vertienteglobal.com\/index.php?rest_route=\/wp\/v2\/types\/post"}],"author":[{"embeddable":true,"href":"http:\/\/vertienteglobal.com\/index.php?rest_route=\/wp\/v2\/users\/1"}],"replies":[{"embeddable":true,"href":"http:\/\/vertienteglobal.com\/index.php?rest_route=%2Fwp%2Fv2%2Fcomments&post=176715"}],"version-history":[{"count":0,"href":"http:\/\/vertienteglobal.com\/index.php?rest_route=\/wp\/v2\/posts\/176715\/revisions"}],"wp:featuredmedia":[{"embeddable":true,"href":"http:\/\/vertienteglobal.com\/index.php?rest_route=\/wp\/v2\/media\/176716"}],"wp:attachment":[{"href":"http:\/\/vertienteglobal.com\/index.php?rest_route=%2Fwp%2Fv2%2Fmedia&parent=176715"}],"wp:term":[{"taxonomy":"category","embeddable":true,"href":"http:\/\/vertienteglobal.com\/index.php?rest_route=%2Fwp%2Fv2%2Fcategories&post=176715"},{"taxonomy":"post_tag","embeddable":true,"href":"http:\/\/vertienteglobal.com\/index.php?rest_route=%2Fwp%2Fv2%2Ftags&post=176715"}],"curies":[{"name":"wp","href":"https:\/\/api.w.org\/{rel}","templated":true}]}}