{"id":176667,"date":"2021-03-03T20:42:00","date_gmt":"2021-03-04T02:42:00","guid":{"rendered":"http:\/\/vertienteglobal.com\/?p=176667"},"modified":"2021-03-03T20:19:55","modified_gmt":"2021-03-04T02:19:55","slug":"la-semana-santa-para-quintana-roo-viene-con-buenos-augurios-y-eso-nos-obliga-a-no-bajar-la-guardia-y-a-redoblar-medidas-preventivas-carlos-joaquin","status":"publish","type":"post","link":"http:\/\/vertienteglobal.com\/?p=176667","title":{"rendered":"La Semana Santa para Quintana Roo, viene con buenos augurios y eso nos obliga a no bajar la guardia y a redoblar medidas preventivas: Carlos Joaqu\u00edn"},"content":{"rendered":"\n<div class=\"twitterbutton\" style=\"float: right; padding-left: 5px;\"><a href=\"http:\/\/twitter.com\/share\" class=\"twitter-share-button\" data-count=\"horizontal\" data-text=\"La Semana Santa para Quintana Roo, viene con buenos augurios y eso nos obliga a ...\" data-via=\"https:\/\/twitter.com\/VertienteGloba1\" data-url=\"http:\/\/vertienteglobal.com\/?p=176667\" data-lang=\"es\" data-related=\"Informaci\u00f3n general:S\u00edguenos para que est\u00e9ss informado\"><\/a><\/div>\n<figure class=\"wp-block-image size-large\"><img loading=\"lazy\" decoding=\"async\" width=\"1024\" height=\"682\" src=\"http:\/\/vertienteglobal.com\/wp-content\/uploads\/2021\/03\/CJ-Semana-Santa-1024x682.jpeg\" alt=\"\" class=\"wp-image-176668\" srcset=\"http:\/\/vertienteglobal.com\/wp-content\/uploads\/2021\/03\/CJ-Semana-Santa-1024x682.jpeg 1024w, http:\/\/vertienteglobal.com\/wp-content\/uploads\/2021\/03\/CJ-Semana-Santa-300x200.jpeg 300w, http:\/\/vertienteglobal.com\/wp-content\/uploads\/2021\/03\/CJ-Semana-Santa-150x100.jpeg 150w, http:\/\/vertienteglobal.com\/wp-content\/uploads\/2021\/03\/CJ-Semana-Santa-768x512.jpeg 768w, http:\/\/vertienteglobal.com\/wp-content\/uploads\/2021\/03\/CJ-Semana-Santa.jpeg 1280w\" sizes=\"auto, (max-width: 1024px) 100vw, 1024px\" \/><\/figure>\n\n\n\n<p>(Redaccion)<\/p>\n\n\n\n<p>El gobernador de Quintana Roo expresa que, en color amarillo en el Sem\u00e1foro Epidemiol\u00f3gico Estatal, se avanza en la recuperaci\u00f3n<\/p>\n\n\n\n<p>Habr\u00e1 especial atenci\u00f3n en las playas para evitar caer en curvas de contagio de coronavirus<\/p>\n\n\n\n<p>Chetumal, Quintana Roo, a 03 de marzo de 2021.- \u201cLa temporada de Semana Santa tiene buenos augurios para Quintana Roo, con m\u00e1s ocupaci\u00f3n hotelera, m\u00e1s vuelos, m\u00e1s asientos de avi\u00f3n, m\u00e1s posibilidades de recuperar parte del mercado europeo\u201d, expres\u00f3 el gobernador Carlos Joaqu\u00edn.<\/p>\n\n\n\n<p>Por ejemplo, agreg\u00f3 que, gracias al \u00e9xito de la ruta Ciudad de M\u00e9xico-Chetumal, la empresa Aerom\u00e9xico aumentar\u00e1 a 11 frecuencias por semana sus vuelos, lo que augura una prometedora Semana Santa para la zona sur.<\/p>\n\n\n\n<p>\u201c\u00a1No bajemos la guardia con los h\u00e1bitos! Vamos avanzando en la reactivaci\u00f3n. Ponte VIVO\u201d, escribi\u00f3 Carlos Joaqu\u00edn en sus redes sociales.<\/p>\n\n\n\n<p>Tambi\u00e9n advirti\u00f3 que esto, evidentemente, generar\u00e1 una situaci\u00f3n de mayor riesgo, donde todos tendr\u00e1n que hacer el doble de los esfuerzos para evitar caer en esquemas de contagio.<\/p>\n\n\n\n<p>Carlos Joaqu\u00edn exhort\u00f3 a mantener el equilibrio entre el cuidado de la salud y la reapertura de las actividades econ\u00f3micas, con m\u00e1s atenci\u00f3n en la aplicaci\u00f3n de los h\u00e1bitos y los protocolos sanitarios, y el respeto a los aforos del plan \u201cReactivemos Quintana Roo\u201d.<\/p>\n\n\n\n<p>El gobernador de Quintana Roo dijo que todos los destinos del estado tienen un incremento de visitantes, desde Chetumal, Bacalar y Mahahual hasta Tulum, Playa del Carmen, Isla Mujeres, Cozumel y Canc\u00fan.<\/p>\n\n\n\n<p>Es interesante que ocurra, porque genera posibilidades de empleo y de mejora en el desarrollo econ\u00f3mico de los quintanarroenses.<\/p>\n\n\n\n<p>Para atender esta afluencia, el gobernador Carlos Joaqu\u00edn declar\u00f3 que ha platicado con los presidentes municipales para poner total atenci\u00f3n en la entrada de los visitantes y en la forma de actuar en las playas, as\u00ed como para aplicar de manera estricta los protocolos y evitar caer en contagios de coronavirus.<\/p>\n\n\n\n<p>Sobre la promoci\u00f3n tur\u00edstica de la entidad, el titular del Ejecutivo explic\u00f3 que hoy est\u00e1 enfocada y relacionada con la certeza y la confianza del viajero en los destinos locales.<\/p>\n\n\n\n<p>De ah\u00ed que insista en manejar muy bien los protocolos de prevenci\u00f3n, difundirlos y mostrarlos, porque son de primer nivel y hoy representan el poder de decisi\u00f3n de un visitante o de un turista hacia un destino de vacaciones.<\/p>\n\n\n\n<p>\u201cLo m\u00e1s importante es demostrar la confianza que el destino ofrece al visitante de llegar, de sentirse bien, de tener a salvo su salud, de divertirse y de regresar con bien a casa\u201d, precis\u00f3 el Ejecutivo.<\/p>\n\n\n\n<figure class=\"wp-block-image size-large\"><img loading=\"lazy\" decoding=\"async\" width=\"1024\" height=\"586\" src=\"http:\/\/vertienteglobal.com\/wp-content\/uploads\/2021\/03\/20210303_211632-1024x586.jpg\" alt=\"\" class=\"wp-image-176669\" srcset=\"http:\/\/vertienteglobal.com\/wp-content\/uploads\/2021\/03\/20210303_211632-1024x586.jpg 1024w, http:\/\/vertienteglobal.com\/wp-content\/uploads\/2021\/03\/20210303_211632-300x172.jpg 300w, http:\/\/vertienteglobal.com\/wp-content\/uploads\/2021\/03\/20210303_211632-150x86.jpg 150w, http:\/\/vertienteglobal.com\/wp-content\/uploads\/2021\/03\/20210303_211632-768x440.jpg 768w, http:\/\/vertienteglobal.com\/wp-content\/uploads\/2021\/03\/20210303_211632.jpg 1155w\" sizes=\"auto, (max-width: 1024px) 100vw, 1024px\" \/><\/figure>\n","protected":false},"excerpt":{"rendered":"<p>(Redaccion) El gobernador de Quintana Roo expresa que, en color amarillo en el Sem\u00e1foro Epidemiol\u00f3gico Estatal, se avanza en la recuperaci\u00f3n Habr\u00e1 especial atenci\u00f3n en las playas para evitar caer en curvas de contagio de coronavirus Chetumal, Quintana Roo, a 03 de marzo de 2021.- \u201cLa temporada de Semana Santa tiene buenos augurios para Quintana [&hellip;]<\/p>\n","protected":false},"author":1,"featured_media":176668,"comment_status":"open","ping_status":"open","sticky":false,"template":"","format":"standard","meta":{"footnotes":""},"categories":[3],"tags":[],"class_list":["post-176667","post","type-post","status-publish","format-standard","has-post-thumbnail","hentry","category-quintana-roo","entry","has-media"],"jetpack_featured_media_url":"http:\/\/vertienteglobal.com\/wp-content\/uploads\/2021\/03\/CJ-Semana-Santa.jpeg","_links":{"self":[{"href":"http:\/\/vertienteglobal.com\/index.php?rest_route=\/wp\/v2\/posts\/176667","targetHints":{"allow":["GET"]}}],"collection":[{"href":"http:\/\/vertienteglobal.com\/index.php?rest_route=\/wp\/v2\/posts"}],"about":[{"href":"http:\/\/vertienteglobal.com\/index.php?rest_route=\/wp\/v2\/types\/post"}],"author":[{"embeddable":true,"href":"http:\/\/vertienteglobal.com\/index.php?rest_route=\/wp\/v2\/users\/1"}],"replies":[{"embeddable":true,"href":"http:\/\/vertienteglobal.com\/index.php?rest_route=%2Fwp%2Fv2%2Fcomments&post=176667"}],"version-history":[{"count":0,"href":"http:\/\/vertienteglobal.com\/index.php?rest_route=\/wp\/v2\/posts\/176667\/revisions"}],"wp:featuredmedia":[{"embeddable":true,"href":"http:\/\/vertienteglobal.com\/index.php?rest_route=\/wp\/v2\/media\/176668"}],"wp:attachment":[{"href":"http:\/\/vertienteglobal.com\/index.php?rest_route=%2Fwp%2Fv2%2Fmedia&parent=176667"}],"wp:term":[{"taxonomy":"category","embeddable":true,"href":"http:\/\/vertienteglobal.com\/index.php?rest_route=%2Fwp%2Fv2%2Fcategories&post=176667"},{"taxonomy":"post_tag","embeddable":true,"href":"http:\/\/vertienteglobal.com\/index.php?rest_route=%2Fwp%2Fv2%2Ftags&post=176667"}],"curies":[{"name":"wp","href":"https:\/\/api.w.org\/{rel}","templated":true}]}}