{"id":176634,"date":"2021-03-03T19:19:00","date_gmt":"2021-03-04T01:19:00","guid":{"rendered":"http:\/\/vertienteglobal.com\/?p=176634"},"modified":"2021-03-03T19:01:51","modified_gmt":"2021-03-04T01:01:51","slug":"vacuna-contra-covid-19-de-astrazeneca-tan-eficiente-como-la-de-pfizer-ops","status":"publish","type":"post","link":"http:\/\/vertienteglobal.com\/?p=176634","title":{"rendered":"Vacuna contra COVID-19 de AstraZeneca, tan eficiente como la de Pfizer: OPS"},"content":{"rendered":"\n<div class=\"twitterbutton\" style=\"float: right; padding-left: 5px;\"><a href=\"http:\/\/twitter.com\/share\" class=\"twitter-share-button\" data-count=\"horizontal\" data-text=\"Vacuna contra COVID-19 de AstraZeneca, tan eficiente como la de Pfizer: OPS\" data-via=\"https:\/\/twitter.com\/VertienteGloba1\" data-url=\"http:\/\/vertienteglobal.com\/?p=176634\" data-lang=\"es\" data-related=\"Informaci\u00f3n general:S\u00edguenos para que est\u00e9ss informado\"><\/a><\/div>\n<figure class=\"wp-block-image size-large\"><img loading=\"lazy\" decoding=\"async\" width=\"1024\" height=\"668\" src=\"http:\/\/vertienteglobal.com\/wp-content\/uploads\/2021\/03\/1146956-1.jpg\" alt=\"\" class=\"wp-image-176635\" srcset=\"http:\/\/vertienteglobal.com\/wp-content\/uploads\/2021\/03\/1146956-1.jpg 1024w, http:\/\/vertienteglobal.com\/wp-content\/uploads\/2021\/03\/1146956-1-300x196.jpg 300w, http:\/\/vertienteglobal.com\/wp-content\/uploads\/2021\/03\/1146956-1-150x98.jpg 150w, http:\/\/vertienteglobal.com\/wp-content\/uploads\/2021\/03\/1146956-1-768x501.jpg 768w\" sizes=\"auto, (max-width: 1024px) 100vw, 1024px\" \/><\/figure>\n\n\n\n<p>(Redacci\u00f3n\/Agencias)<\/p>\n\n\n\n<p>El subdirector de la OPS dijo que se trata de una evidencia contundente y obtenida directamente de los sectores inmunizados desde hace ya tres o cuatro meses<\/p>\n\n\n\n<p>Ciudad de Mexico a 03 de marzo de 2021.- La Organizaci\u00f3n Panamericana de la Salud (OPS) inform\u00f3 que investigaciones con 7.5 millones de personas vacunadas contra COVID-19 en el Reino Unido demostraron que la dosis de AstraZeneca y la Universidad de Oxford es tan eficiente en proteger a los adultos mayores de 70 a\u00f1os como la dosis de Pfizer- BioNTech.<\/p>\n\n\n\n<p>Al respecto, el subdirector de la OPS, Jarbas Barbosa, aclar\u00f3 que los estudios cl\u00ednicos de fase 3 de AstraZeneca con alrededor de 40 mil voluntarios reportaron una eficacia de 63 por ciento, una vez que la vacuna se aplic\u00f3 a la poblaci\u00f3n, en personas dentro de un ambiente cotidiano, se demostr\u00f3 su eficiencia para sectores vulnerables, evitar casos graves de la enfermedad y muertes causas por el SARS-SoV-2.<\/p>\n\n\n\n<p>\u201cEn Inglaterra, el organismo de evaluaci\u00f3n de salud p\u00fablica dio a conocer el resultado de dos vacunas: la de AstraZeneca (63 por ciento de eficacia) y la de Pfizer (95 por ciento de eficacia) aplicadas en 7.5 millones de personas de 70 a\u00f1os y m\u00e1s. Ya no estamos hablando de la eficacia cl\u00ednica sino de su eficiencia en grupos de personas en la vida real\u201d, indic\u00f3 Jarbas Barbosa.<\/p>\n\n\n\n<p>A\u00f1adi\u00f3 que \u201cla conclusi\u00f3n de este documento es que&nbsp;ambas vacunas otorgan una protecci\u00f3n similar para los mayores de 70 a\u00f1os, y esto es muy importante, porque es darnos una seguridad adicional de que las vacunas precalificadas y que han recibido autorizaci\u00f3n de emergencia por la OMS, son seguras y tambi\u00e9n eficientes para proteger a las personas, incluyendo a los mayores, contra covid-19\u201d.<\/p>\n\n\n\n<p>El subdirector de la OPS dijo que se trata de una evidencia contundente y obtenida directamente de los sectores inmunizados desde hace ya tres o cuatro meses.<\/p>\n\n\n\n<p>\u201cAstraZeneca, entonces, no es menos eficaz, sino que tiene una eficacia similar a la de Pfizer y a la de otras vacunas, y debe de seguir utiliz\u00e1ndose\u201c, subray\u00f3.<\/p>\n\n\n\n<p>Por su parte, Sylvain Aldighieri, gerente de Incidente para COVID-19 de la OPS, reconoci\u00f3 que las variantes que est\u00e1n surgiendo \u201cson de preocupaci\u00f3n a nivel mundial, regional y subregional\u201d.<\/p>\n","protected":false},"excerpt":{"rendered":"<p>(Redacci\u00f3n\/Agencias) El subdirector de la OPS dijo que se trata de una evidencia contundente y obtenida directamente de los sectores inmunizados desde hace ya tres o cuatro meses Ciudad de Mexico a 03 de marzo de 2021.- La Organizaci\u00f3n Panamericana de la Salud (OPS) inform\u00f3 que investigaciones con 7.5 millones de personas vacunadas contra COVID-19 [&hellip;]<\/p>\n","protected":false},"author":1,"featured_media":176635,"comment_status":"open","ping_status":"open","sticky":false,"template":"","format":"standard","meta":{"footnotes":""},"categories":[8],"tags":[],"class_list":["post-176634","post","type-post","status-publish","format-standard","has-post-thumbnail","hentry","category-pais","entry","has-media"],"jetpack_featured_media_url":"http:\/\/vertienteglobal.com\/wp-content\/uploads\/2021\/03\/1146956-1.jpg","_links":{"self":[{"href":"http:\/\/vertienteglobal.com\/index.php?rest_route=\/wp\/v2\/posts\/176634","targetHints":{"allow":["GET"]}}],"collection":[{"href":"http:\/\/vertienteglobal.com\/index.php?rest_route=\/wp\/v2\/posts"}],"about":[{"href":"http:\/\/vertienteglobal.com\/index.php?rest_route=\/wp\/v2\/types\/post"}],"author":[{"embeddable":true,"href":"http:\/\/vertienteglobal.com\/index.php?rest_route=\/wp\/v2\/users\/1"}],"replies":[{"embeddable":true,"href":"http:\/\/vertienteglobal.com\/index.php?rest_route=%2Fwp%2Fv2%2Fcomments&post=176634"}],"version-history":[{"count":0,"href":"http:\/\/vertienteglobal.com\/index.php?rest_route=\/wp\/v2\/posts\/176634\/revisions"}],"wp:featuredmedia":[{"embeddable":true,"href":"http:\/\/vertienteglobal.com\/index.php?rest_route=\/wp\/v2\/media\/176635"}],"wp:attachment":[{"href":"http:\/\/vertienteglobal.com\/index.php?rest_route=%2Fwp%2Fv2%2Fmedia&parent=176634"}],"wp:term":[{"taxonomy":"category","embeddable":true,"href":"http:\/\/vertienteglobal.com\/index.php?rest_route=%2Fwp%2Fv2%2Fcategories&post=176634"},{"taxonomy":"post_tag","embeddable":true,"href":"http:\/\/vertienteglobal.com\/index.php?rest_route=%2Fwp%2Fv2%2Ftags&post=176634"}],"curies":[{"name":"wp","href":"https:\/\/api.w.org\/{rel}","templated":true}]}}