{"id":176545,"date":"2021-03-02T21:19:00","date_gmt":"2021-03-03T03:19:00","guid":{"rendered":"http:\/\/vertienteglobal.com\/?p=176545"},"modified":"2021-03-02T22:58:19","modified_gmt":"2021-03-03T04:58:19","slug":"cuando-son-las-vacaciones-de-semana-santa-2021","status":"publish","type":"post","link":"http:\/\/vertienteglobal.com\/?p=176545","title":{"rendered":"\u00bfCu\u00e1ndo son las vacaciones de Semana Santa 2021?"},"content":{"rendered":"\n<div class=\"twitterbutton\" style=\"float: right; padding-left: 5px;\"><a href=\"http:\/\/twitter.com\/share\" class=\"twitter-share-button\" data-count=\"horizontal\" data-text=\"\u00bfCu\u00e1ndo son las vacaciones de Semana Santa 2021?\" data-via=\"https:\/\/twitter.com\/VertienteGloba1\" data-url=\"http:\/\/vertienteglobal.com\/?p=176545\" data-lang=\"es\" data-related=\"Informaci\u00f3n general:S\u00edguenos para que est\u00e9ss informado\"><\/a><\/div>\n<figure class=\"wp-block-image size-large\"><img loading=\"lazy\" decoding=\"async\" width=\"1024\" height=\"683\" src=\"http:\/\/vertienteglobal.com\/wp-content\/uploads\/2021\/03\/1146791.jpg\" alt=\"\" class=\"wp-image-176546\" srcset=\"http:\/\/vertienteglobal.com\/wp-content\/uploads\/2021\/03\/1146791.jpg 1024w, http:\/\/vertienteglobal.com\/wp-content\/uploads\/2021\/03\/1146791-300x200.jpg 300w, http:\/\/vertienteglobal.com\/wp-content\/uploads\/2021\/03\/1146791-150x100.jpg 150w, http:\/\/vertienteglobal.com\/wp-content\/uploads\/2021\/03\/1146791-768x512.jpg 768w\" sizes=\"auto, (max-width: 1024px) 100vw, 1024px\" \/><\/figure>\n\n\n\n<p>(Redacci\u00f3n)<\/p>\n\n\n\n<p>En&nbsp;este per\u00edodo&nbsp;las religiones de la tradici\u00f3n cristiana conmemoran la&nbsp;pasi\u00f3n, muerte y resurrecci\u00f3n de Jesucristo<\/p>\n\n\n\n<p>Ciudad de Mexico a 02 de marzo de 2021.- La mayor\u00eda de las instituciones escolares, adem\u00e1s de algunas empresas, otorgan varios&nbsp;d\u00edas feriados y vacaciones&nbsp;con motivo de la Semana Santa.<\/p>\n\n\n\n<p>\u00bfCu\u00e1ndo son las vacaciones de Semana Santa 2021?<\/p>\n\n\n\n<p>En 2021, las fechas de Semana Santa son:<\/p>\n\n\n\n<p>28 de marzo \u2013 Domingo de Ramos<br>29 de marzo \u2013 Lunes Santo<br>30 de marzo \u2013 Martes Santo<br>31 de marzo \u2013 Mi\u00e9rcoles Santo<br>1 de abril \u2013 Jueves Santo<br>2 de abril \u2013 Viernes Santo<br>3 de abril \u2013 S\u00e1bado de Gloria<br>4 de abril \u2013 Domingo de Resurrecci\u00f3n.<\/p>\n\n\n\n<p>Cabe destacar que en&nbsp;este per\u00edodo&nbsp;las religiones de la tradici\u00f3n cristiana conmemoran la&nbsp;pasi\u00f3n, muerte y resurrecci\u00f3n de Jesucristo. (Fuente:Noticieros Televisa)<\/p>\n","protected":false},"excerpt":{"rendered":"<p>(Redacci\u00f3n) En&nbsp;este per\u00edodo&nbsp;las religiones de la tradici\u00f3n cristiana conmemoran la&nbsp;pasi\u00f3n, muerte y resurrecci\u00f3n de Jesucristo Ciudad de Mexico a 02 de marzo de 2021.- La mayor\u00eda de las instituciones escolares, adem\u00e1s de algunas empresas, otorgan varios&nbsp;d\u00edas feriados y vacaciones&nbsp;con motivo de la Semana Santa. \u00bfCu\u00e1ndo son las vacaciones de Semana Santa 2021? En 2021, las [&hellip;]<\/p>\n","protected":false},"author":1,"featured_media":176546,"comment_status":"open","ping_status":"open","sticky":false,"template":"","format":"standard","meta":{"footnotes":""},"categories":[9,8],"tags":[],"class_list":["post-176545","post","type-post","status-publish","format-standard","has-post-thumbnail","hentry","category-educacion","category-pais","entry","has-media"],"jetpack_featured_media_url":"http:\/\/vertienteglobal.com\/wp-content\/uploads\/2021\/03\/1146791.jpg","_links":{"self":[{"href":"http:\/\/vertienteglobal.com\/index.php?rest_route=\/wp\/v2\/posts\/176545","targetHints":{"allow":["GET"]}}],"collection":[{"href":"http:\/\/vertienteglobal.com\/index.php?rest_route=\/wp\/v2\/posts"}],"about":[{"href":"http:\/\/vertienteglobal.com\/index.php?rest_route=\/wp\/v2\/types\/post"}],"author":[{"embeddable":true,"href":"http:\/\/vertienteglobal.com\/index.php?rest_route=\/wp\/v2\/users\/1"}],"replies":[{"embeddable":true,"href":"http:\/\/vertienteglobal.com\/index.php?rest_route=%2Fwp%2Fv2%2Fcomments&post=176545"}],"version-history":[{"count":0,"href":"http:\/\/vertienteglobal.com\/index.php?rest_route=\/wp\/v2\/posts\/176545\/revisions"}],"wp:featuredmedia":[{"embeddable":true,"href":"http:\/\/vertienteglobal.com\/index.php?rest_route=\/wp\/v2\/media\/176546"}],"wp:attachment":[{"href":"http:\/\/vertienteglobal.com\/index.php?rest_route=%2Fwp%2Fv2%2Fmedia&parent=176545"}],"wp:term":[{"taxonomy":"category","embeddable":true,"href":"http:\/\/vertienteglobal.com\/index.php?rest_route=%2Fwp%2Fv2%2Fcategories&post=176545"},{"taxonomy":"post_tag","embeddable":true,"href":"http:\/\/vertienteglobal.com\/index.php?rest_route=%2Fwp%2Fv2%2Ftags&post=176545"}],"curies":[{"name":"wp","href":"https:\/\/api.w.org\/{rel}","templated":true}]}}