{"id":176471,"date":"2021-03-01T17:02:53","date_gmt":"2021-03-01T23:02:53","guid":{"rendered":"http:\/\/vertienteglobal.com\/?p=176471"},"modified":"2021-03-02T09:04:18","modified_gmt":"2021-03-02T15:04:18","slug":"previene-procivy-oleadas-de-calor-en-el-estado-de-yucatan","status":"publish","type":"post","link":"http:\/\/vertienteglobal.com\/?p=176471","title":{"rendered":"Previene Procivy oleadas de calor en el estado de Yucat\u00e1n"},"content":{"rendered":"\n<div class=\"twitterbutton\" style=\"float: right; padding-left: 5px;\"><a href=\"http:\/\/twitter.com\/share\" class=\"twitter-share-button\" data-count=\"horizontal\" data-text=\"Previene Procivy oleadas de calor en el estado de Yucat\u00e1n\" data-via=\"https:\/\/twitter.com\/VertienteGloba1\" data-url=\"http:\/\/vertienteglobal.com\/?p=176471\" data-lang=\"es\" data-related=\"Informaci\u00f3n general:S\u00edguenos para que est\u00e9ss informado\"><\/a><\/div>\n<figure class=\"wp-block-image size-large\"><img loading=\"lazy\" decoding=\"async\" width=\"480\" height=\"280\" src=\"http:\/\/vertienteglobal.com\/wp-content\/uploads\/2021\/03\/IMG-20210301-WA0013.jpg\" alt=\"\" class=\"wp-image-176472\" srcset=\"http:\/\/vertienteglobal.com\/wp-content\/uploads\/2021\/03\/IMG-20210301-WA0013.jpg 480w, http:\/\/vertienteglobal.com\/wp-content\/uploads\/2021\/03\/IMG-20210301-WA0013-300x175.jpg 300w, http:\/\/vertienteglobal.com\/wp-content\/uploads\/2021\/03\/IMG-20210301-WA0013-150x88.jpg 150w\" sizes=\"auto, (max-width: 480px) 100vw, 480px\" \/><\/figure>\n\n\n\n<p>(Redaccion)<\/p>\n\n\n\n<p>El ingreso de aire mar\u00edtimo tropical podr\u00eda generar temperaturas de 30 a 40 grados cent\u00edgrados en el territorio<\/p>\n\n\n\n<p>Tambi\u00e9n se advierte la llegada de un debilitado frente fr\u00edo n\u00famero 39 a la entidad<\/p>\n\n\n\n<p>M\u00e9rida, Yucat\u00e1n, 1 de marzo 2021.- La Coordinaci\u00f3n Estatal de Protecci\u00f3n Civil (Procivy) espera para esta semana contrastes en las condiciones meteorol\u00f3gicas, con ambientes muy calurosos y lluvias, de ligera a moderada intensidad, por la presencia de una vaguada prefrontal, el ingreso de aire mar\u00edtimo tropical y del d\u00e9bil frente fr\u00edo n\u00famero 39.<\/p>\n\n\n\n<p>El Centro Estatal de Monitoreo y Alertamiento de Procivy, que por indicaci\u00f3n del Gobernador Mauricio Vila Dosal se encuentra en vigilancia permanente, informa sobre la llegada este martes de aire mar\u00edtimo tropical, por lo que se espera que, del 2 al 4 de marzo, haya ambientes calurosos a muy calurosos con temperaturas de 30 a 32 grados cent\u00edgrados, en la zona costera, y de 32 a 40, en el interior del estado.<\/p>\n\n\n\n<p>El titular de la dependencia, Enrique Alcocer Basto, recomend\u00f3 a la poblaci\u00f3n no exponerse por periodos prolongados al ambiente caluroso, principalmente entre las 10 y las 16 horas, as\u00ed como vestir con prendas ligeras e hidratarse constantemente.<\/p>\n\n\n\n<p>Es importante que se eviten los cambios bruscos de temperatura, se utilice ropa suelta de colores claros y manga larga, y se permanezca en lugares frescos o a la sombra, puntualiz\u00f3 el funcionario p\u00fablico.<\/p>\n\n\n\n<p>Mencion\u00f3 que la cercan\u00eda del frente fr\u00edo n\u00famero 39 generar\u00e1 este martes 2 de marzo una vaguada en el poniente de la entidad, originando lluvias ligeras a moderadas en la tarde y noche. Posteriormente, los d\u00edas 3 y 4, se mover\u00e1 hacia el sur ya debilitado, originando lluvia ligera a moderada dispersa en la mayor parte de Yucat\u00e1n.<\/p>\n\n\n\n<p>No se esperan descensos en los term\u00f3metros ya que los efectos de este fen\u00f3meno ser\u00e1n minimizados por las altas temperaturas que se registrar\u00e1n, principalmente el mi\u00e9rcoles y el jueves, agreg\u00f3 Alcocer Basto.<\/p>\n\n\n\n<p>Finalmente, detall\u00f3 que las rachas de viento ser\u00e1n de 30 a 40 kil\u00f3metros por hora en la zona costera, con oleaje de 1.2 a 1.5 metros, y de 30 a 45, en el interior del territorio.<\/p>\n","protected":false},"excerpt":{"rendered":"<p>(Redaccion) El ingreso de aire mar\u00edtimo tropical podr\u00eda generar temperaturas de 30 a 40 grados cent\u00edgrados en el territorio Tambi\u00e9n se advierte la llegada de un debilitado frente fr\u00edo n\u00famero 39 a la entidad M\u00e9rida, Yucat\u00e1n, 1 de marzo 2021.- La Coordinaci\u00f3n Estatal de Protecci\u00f3n Civil (Procivy) espera para esta semana contrastes en las condiciones [&hellip;]<\/p>\n","protected":false},"author":1,"featured_media":176472,"comment_status":"open","ping_status":"open","sticky":false,"template":"","format":"standard","meta":{"footnotes":""},"categories":[2],"tags":[],"class_list":["post-176471","post","type-post","status-publish","format-standard","has-post-thumbnail","hentry","category-yucatan","entry","has-media"],"jetpack_featured_media_url":"http:\/\/vertienteglobal.com\/wp-content\/uploads\/2021\/03\/IMG-20210301-WA0013.jpg","_links":{"self":[{"href":"http:\/\/vertienteglobal.com\/index.php?rest_route=\/wp\/v2\/posts\/176471","targetHints":{"allow":["GET"]}}],"collection":[{"href":"http:\/\/vertienteglobal.com\/index.php?rest_route=\/wp\/v2\/posts"}],"about":[{"href":"http:\/\/vertienteglobal.com\/index.php?rest_route=\/wp\/v2\/types\/post"}],"author":[{"embeddable":true,"href":"http:\/\/vertienteglobal.com\/index.php?rest_route=\/wp\/v2\/users\/1"}],"replies":[{"embeddable":true,"href":"http:\/\/vertienteglobal.com\/index.php?rest_route=%2Fwp%2Fv2%2Fcomments&post=176471"}],"version-history":[{"count":0,"href":"http:\/\/vertienteglobal.com\/index.php?rest_route=\/wp\/v2\/posts\/176471\/revisions"}],"wp:featuredmedia":[{"embeddable":true,"href":"http:\/\/vertienteglobal.com\/index.php?rest_route=\/wp\/v2\/media\/176472"}],"wp:attachment":[{"href":"http:\/\/vertienteglobal.com\/index.php?rest_route=%2Fwp%2Fv2%2Fmedia&parent=176471"}],"wp:term":[{"taxonomy":"category","embeddable":true,"href":"http:\/\/vertienteglobal.com\/index.php?rest_route=%2Fwp%2Fv2%2Fcategories&post=176471"},{"taxonomy":"post_tag","embeddable":true,"href":"http:\/\/vertienteglobal.com\/index.php?rest_route=%2Fwp%2Fv2%2Ftags&post=176471"}],"curies":[{"name":"wp","href":"https:\/\/api.w.org\/{rel}","templated":true}]}}