{"id":176408,"date":"2021-02-28T22:50:28","date_gmt":"2021-03-01T04:50:28","guid":{"rendered":"http:\/\/vertienteglobal.com\/?p=176408"},"modified":"2021-03-01T07:27:16","modified_gmt":"2021-03-01T13:27:16","slug":"estudio-revela-que-la-aspirina-podria-evitar-casos-severos-de-covid-19","status":"publish","type":"post","link":"http:\/\/vertienteglobal.com\/?p=176408","title":{"rendered":"Estudio revela que la aspirina podr\u00eda evitar casos severos de COVID-19"},"content":{"rendered":"\n<div class=\"twitterbutton\" style=\"float: right; padding-left: 5px;\"><a href=\"http:\/\/twitter.com\/share\" class=\"twitter-share-button\" data-count=\"horizontal\" data-text=\"Estudio revela que la aspirina podr\u00eda evitar casos severos de COVID-19\" data-via=\"https:\/\/twitter.com\/VertienteGloba1\" data-url=\"http:\/\/vertienteglobal.com\/?p=176408\" data-lang=\"es\" data-related=\"Informaci\u00f3n general:S\u00edguenos para que est\u00e9ss informado\"><\/a><\/div>\n<figure class=\"wp-block-image size-large\"><img loading=\"lazy\" decoding=\"async\" width=\"1024\" height=\"576\" src=\"http:\/\/vertienteglobal.com\/wp-content\/uploads\/2021\/03\/1146465.jpg\" alt=\"\" class=\"wp-image-176409\" srcset=\"http:\/\/vertienteglobal.com\/wp-content\/uploads\/2021\/03\/1146465.jpg 1024w, http:\/\/vertienteglobal.com\/wp-content\/uploads\/2021\/03\/1146465-300x169.jpg 300w, http:\/\/vertienteglobal.com\/wp-content\/uploads\/2021\/03\/1146465-150x84.jpg 150w, http:\/\/vertienteglobal.com\/wp-content\/uploads\/2021\/03\/1146465-768x432.jpg 768w\" sizes=\"auto, (max-width: 1024px) 100vw, 1024px\" \/><\/figure>\n\n\n\n<p>(Redacci\u00f3n)<\/p>\n\n\n\n<p>La proporci\u00f3n de pacientes tratados con aspirina fue significativamente menor entre el grupo COVID ? 19 positivo, en comparaci\u00f3n con el grupo que no consumi\u00f3 dicha sustancia<\/p>\n\n\n\n<p>Ciudad de Mexico a 28 de febrero de 2021.-Investigadores de instituciones israel\u00edes identificaron que el \u00e1cido acetilsalic\u00edlico, usado para la prevenci\u00f3n primaria y secundaria de enfermedades cardiovasculares, se asocia con mejores resultados entre los pacientes positivos a COVID-19.<\/p>\n\n\n\n<p>Lo anterior, debido a que gran parte de las complicaciones por coronavirus est\u00e1n relacionadas a la presi\u00f3n sangu\u00ednea.<\/p>\n\n\n\n<p>Por lo tanto, plantearon la hip\u00f3tesis de que el uso de aspirina podr\u00eda tener un efecto protector sobre la susceptibilidad al COVID-19 y la duraci\u00f3n de la enfermedad.<\/p>\n\n\n\n<p>Para comprobar esa hip\u00f3tesis, realizaron un estudio transversal retrospectivo basado en la poblaci\u00f3n, utilizando datos de la base de datos de Leumit Health Services.<\/p>\n\n\n\n<p>La proporci\u00f3n de pacientes tratados con aspirina fue significativamente menor entre el grupo COVID ? 19 positivo, en comparaci\u00f3n con el grupo que no consumi\u00f3 dicha sustancia.<\/p>\n\n\n\n<p>Asimismo, el uso de aspirina se asoci\u00f3 con una menor probabilidad de infecci\u00f3n por COVID-19, en comparaci\u00f3n con los no usuarios.<br>&nbsp;<br>Nota importante: Este producto es de empleo delicado y solo debe administrarse bajo indicaci\u00f3n y supervisi\u00f3n m\u00e9dica. (Fuente: El Financiero)<\/p>\n","protected":false},"excerpt":{"rendered":"<p>(Redacci\u00f3n) La proporci\u00f3n de pacientes tratados con aspirina fue significativamente menor entre el grupo COVID ? 19 positivo, en comparaci\u00f3n con el grupo que no consumi\u00f3 dicha sustancia Ciudad de Mexico a 28 de febrero de 2021.-Investigadores de instituciones israel\u00edes identificaron que el \u00e1cido acetilsalic\u00edlico, usado para la prevenci\u00f3n primaria y secundaria de enfermedades cardiovasculares, [&hellip;]<\/p>\n","protected":false},"author":1,"featured_media":176409,"comment_status":"open","ping_status":"open","sticky":false,"template":"","format":"standard","meta":{"footnotes":""},"categories":[8],"tags":[],"class_list":["post-176408","post","type-post","status-publish","format-standard","has-post-thumbnail","hentry","category-pais","entry","has-media"],"jetpack_featured_media_url":"http:\/\/vertienteglobal.com\/wp-content\/uploads\/2021\/03\/1146465.jpg","_links":{"self":[{"href":"http:\/\/vertienteglobal.com\/index.php?rest_route=\/wp\/v2\/posts\/176408","targetHints":{"allow":["GET"]}}],"collection":[{"href":"http:\/\/vertienteglobal.com\/index.php?rest_route=\/wp\/v2\/posts"}],"about":[{"href":"http:\/\/vertienteglobal.com\/index.php?rest_route=\/wp\/v2\/types\/post"}],"author":[{"embeddable":true,"href":"http:\/\/vertienteglobal.com\/index.php?rest_route=\/wp\/v2\/users\/1"}],"replies":[{"embeddable":true,"href":"http:\/\/vertienteglobal.com\/index.php?rest_route=%2Fwp%2Fv2%2Fcomments&post=176408"}],"version-history":[{"count":0,"href":"http:\/\/vertienteglobal.com\/index.php?rest_route=\/wp\/v2\/posts\/176408\/revisions"}],"wp:featuredmedia":[{"embeddable":true,"href":"http:\/\/vertienteglobal.com\/index.php?rest_route=\/wp\/v2\/media\/176409"}],"wp:attachment":[{"href":"http:\/\/vertienteglobal.com\/index.php?rest_route=%2Fwp%2Fv2%2Fmedia&parent=176408"}],"wp:term":[{"taxonomy":"category","embeddable":true,"href":"http:\/\/vertienteglobal.com\/index.php?rest_route=%2Fwp%2Fv2%2Fcategories&post=176408"},{"taxonomy":"post_tag","embeddable":true,"href":"http:\/\/vertienteglobal.com\/index.php?rest_route=%2Fwp%2Fv2%2Ftags&post=176408"}],"curies":[{"name":"wp","href":"https:\/\/api.w.org\/{rel}","templated":true}]}}