{"id":176337,"date":"2021-02-26T22:50:31","date_gmt":"2021-02-27T04:50:31","guid":{"rendered":"http:\/\/vertienteglobal.com\/?p=176337"},"modified":"2021-02-27T08:37:17","modified_gmt":"2021-02-27T14:37:17","slug":"estas-senales-podrian-indicar-que-ya-tuviste-covid-19","status":"publish","type":"post","link":"http:\/\/vertienteglobal.com\/?p=176337","title":{"rendered":"Estas se\u00f1ales podr\u00edan indicar que ya tuviste COVID-19"},"content":{"rendered":"\n<div class=\"twitterbutton\" style=\"float: right; padding-left: 5px;\"><a href=\"http:\/\/twitter.com\/share\" class=\"twitter-share-button\" data-count=\"horizontal\" data-text=\"Estas se\u00f1ales podr\u00edan indicar que ya tuviste COVID-19\" data-via=\"https:\/\/twitter.com\/VertienteGloba1\" data-url=\"http:\/\/vertienteglobal.com\/?p=176337\" data-lang=\"es\" data-related=\"Informaci\u00f3n general:S\u00edguenos para que est\u00e9ss informado\"><\/a><\/div>\n<figure class=\"wp-block-image size-large\"><img loading=\"lazy\" decoding=\"async\" width=\"1024\" height=\"683\" src=\"http:\/\/vertienteglobal.com\/wp-content\/uploads\/2021\/02\/1146210.jpg\" alt=\"\" class=\"wp-image-176338\" srcset=\"http:\/\/vertienteglobal.com\/wp-content\/uploads\/2021\/02\/1146210.jpg 1024w, http:\/\/vertienteglobal.com\/wp-content\/uploads\/2021\/02\/1146210-300x200.jpg 300w, http:\/\/vertienteglobal.com\/wp-content\/uploads\/2021\/02\/1146210-150x100.jpg 150w, http:\/\/vertienteglobal.com\/wp-content\/uploads\/2021\/02\/1146210-768x512.jpg 768w\" sizes=\"auto, (max-width: 1024px) 100vw, 1024px\" \/><\/figure>\n\n\n\n<p>(Redacci\u00f3n)<\/p>\n\n\n\n<p>Para saber si tuviste COVID-19 sin darte cuenta, es indispensable que te practiques una prueba de anticuerpos<\/p>\n\n\n\n<p>Ciudad de Mexico a 26 de febrero de 2021.-Muchas personas se preguntan si cabr\u00eda la posibilidad de que se hubieran contagiado de COVID-19 sin saberlo.&nbsp;<\/p>\n\n\n\n<p>A continuaci\u00f3n algunas se\u00f1ales que podr\u00edan decirte si ya tuviste la enfermedad:<\/p>\n\n\n\n<p>Ca\u00edda de pelo.&nbsp;La primera se\u00f1al es muy reportada por&nbsp;miles de pacientes&nbsp;recuperados alrededor del mundo:&nbsp;pierden el cabello con mayor frecuencia y facilidad.<\/p>\n\n\n\n<p>Si sientes que pierdes mucho m\u00e1s pelo que hace un a\u00f1o, esto podr\u00eda ser signo que te tuviste COVID-19.<\/p>\n\n\n\n<p>Resfriado.&nbsp;A medida que se impon\u00edan las restricciones sociales, los casos de resfriado com\u00fan e iinfluenza&nbsp;fueron a la baja en todo el mundo.<\/p>\n\n\n\n<p>Sin embargo,&nbsp;muchos casos de gripa a lo largo del 2020 y 2021 fueron, en realidad, cuadros leves de COVID-19.<\/p>\n\n\n\n<p>P\u00e9rdida del olfato y del gusto.&nbsp;Es por mucho el s\u00edntoma m\u00e1s conocido del COVID-19.<\/p>\n\n\n\n<p>La p\u00e9rdida del olfato y el gusto puede durar apenas unos d\u00edas o, en casos m\u00e1s graves, extenderse por meses.<\/p>\n\n\n\n<p>Cansancio y falta de aire. Un enorme n\u00famero de pacientes que tuvieron COVID-19, aun en sus formas m\u00e1s leves, reportan fatiga o falta de aliento, aun ante tareas sencillas.&nbsp;<\/p>\n\n\n\n<p>No es infrecuente que los pulmones tarden en recuperarse despu\u00e9s de haber contra\u00eddo el coronavirus.<\/p>\n\n\n\n<p>Tos seca. La tos seca es una secuela com\u00fan entre aquellos que se recuperaron de la enfermedad.<\/p>\n\n\n\n<p>Seg\u00fan el&nbsp;Centro de Control de Enfermedades&nbsp;de los Estados Unidos (CDC, por sus siglas en ingl\u00e9s),&nbsp;el 43% de los pacientes presentaron tos seca hasta tres semanas despu\u00e9s de haber dado positivo.<\/p>\n\n\n\n<p>Para saber si tuviste COVID-19 sin darte cuenta, es indispensable que te practiques una prueba de anticuerpos. (Fuente: Noticieros&nbsp;Televisa)<\/p>\n","protected":false},"excerpt":{"rendered":"<p>(Redacci\u00f3n) Para saber si tuviste COVID-19 sin darte cuenta, es indispensable que te practiques una prueba de anticuerpos Ciudad de Mexico a 26 de febrero de 2021.-Muchas personas se preguntan si cabr\u00eda la posibilidad de que se hubieran contagiado de COVID-19 sin saberlo.&nbsp; A continuaci\u00f3n algunas se\u00f1ales que podr\u00edan decirte si ya tuviste la enfermedad: [&hellip;]<\/p>\n","protected":false},"author":1,"featured_media":176338,"comment_status":"open","ping_status":"open","sticky":false,"template":"","format":"standard","meta":{"footnotes":""},"categories":[8],"tags":[],"class_list":["post-176337","post","type-post","status-publish","format-standard","has-post-thumbnail","hentry","category-pais","entry","has-media"],"jetpack_featured_media_url":"http:\/\/vertienteglobal.com\/wp-content\/uploads\/2021\/02\/1146210.jpg","_links":{"self":[{"href":"http:\/\/vertienteglobal.com\/index.php?rest_route=\/wp\/v2\/posts\/176337","targetHints":{"allow":["GET"]}}],"collection":[{"href":"http:\/\/vertienteglobal.com\/index.php?rest_route=\/wp\/v2\/posts"}],"about":[{"href":"http:\/\/vertienteglobal.com\/index.php?rest_route=\/wp\/v2\/types\/post"}],"author":[{"embeddable":true,"href":"http:\/\/vertienteglobal.com\/index.php?rest_route=\/wp\/v2\/users\/1"}],"replies":[{"embeddable":true,"href":"http:\/\/vertienteglobal.com\/index.php?rest_route=%2Fwp%2Fv2%2Fcomments&post=176337"}],"version-history":[{"count":0,"href":"http:\/\/vertienteglobal.com\/index.php?rest_route=\/wp\/v2\/posts\/176337\/revisions"}],"wp:featuredmedia":[{"embeddable":true,"href":"http:\/\/vertienteglobal.com\/index.php?rest_route=\/wp\/v2\/media\/176338"}],"wp:attachment":[{"href":"http:\/\/vertienteglobal.com\/index.php?rest_route=%2Fwp%2Fv2%2Fmedia&parent=176337"}],"wp:term":[{"taxonomy":"category","embeddable":true,"href":"http:\/\/vertienteglobal.com\/index.php?rest_route=%2Fwp%2Fv2%2Fcategories&post=176337"},{"taxonomy":"post_tag","embeddable":true,"href":"http:\/\/vertienteglobal.com\/index.php?rest_route=%2Fwp%2Fv2%2Ftags&post=176337"}],"curies":[{"name":"wp","href":"https:\/\/api.w.org\/{rel}","templated":true}]}}