{"id":176110,"date":"2021-02-23T11:49:00","date_gmt":"2021-02-23T17:49:00","guid":{"rendered":"http:\/\/vertienteglobal.com\/?p=176110"},"modified":"2021-02-23T21:14:17","modified_gmt":"2021-02-24T03:14:17","slug":"responden-abogados-a-amlo-tras-senalarlos-de-traicion-a-la-patria-por-su-reforma-electrica","status":"publish","type":"post","link":"http:\/\/vertienteglobal.com\/?p=176110","title":{"rendered":"Responden abogados a AMLO tras se\u00f1alarlos de traici\u00f3n a la patria por su reforma el\u00e9ctrica"},"content":{"rendered":"\n<div class=\"twitterbutton\" style=\"float: right; padding-left: 5px;\"><a href=\"http:\/\/twitter.com\/share\" class=\"twitter-share-button\" data-count=\"horizontal\" data-text=\"Responden abogados a AMLO tras se\u00f1alarlos de traici\u00f3n a la patria por su refor...\" data-via=\"https:\/\/twitter.com\/VertienteGloba1\" data-url=\"http:\/\/vertienteglobal.com\/?p=176110\" data-lang=\"es\" data-related=\"Informaci\u00f3n general:S\u00edguenos para que est\u00e9ss informado\"><\/a><\/div>\n<figure class=\"wp-block-image size-large\"><img loading=\"lazy\" decoding=\"async\" width=\"1024\" height=\"683\" src=\"http:\/\/vertienteglobal.com\/wp-content\/uploads\/2021\/02\/1145576.jpg\" alt=\"\" class=\"wp-image-176111\" srcset=\"http:\/\/vertienteglobal.com\/wp-content\/uploads\/2021\/02\/1145576.jpg 1024w, http:\/\/vertienteglobal.com\/wp-content\/uploads\/2021\/02\/1145576-300x200.jpg 300w, http:\/\/vertienteglobal.com\/wp-content\/uploads\/2021\/02\/1145576-150x100.jpg 150w, http:\/\/vertienteglobal.com\/wp-content\/uploads\/2021\/02\/1145576-768x512.jpg 768w\" sizes=\"auto, (max-width: 1024px) 100vw, 1024px\" \/><\/figure>\n\n\n\n<p>(Redacci\u00f3n)<\/p>\n\n\n\n<p>El Consejo General de la Abogac\u00eda Mexicana emiti\u00f3 lo anterior en un pronunciamiento sobre el libre ejercicio de la defensa jur\u00eddica, subrayando que la representaci\u00f3n legal para combatir la reforma energ\u00e9tica de AMLO de ninguna manera contraviene o implica actos contra la Independencia, Soberan\u00eda o Integridad de la naci\u00f3n Mexicana<\/p>\n\n\n\n<p>Ciudad de Mexico a 23 de febrero de 2021.- Son un ataque a la profesi\u00f3n y una afirmaci\u00f3n jur\u00eddicamente incorrecta las declaraciones del presidente Andr\u00e9s Manuel L\u00f3pez Obrador de se\u00f1alar de traici\u00f3n a la patria a los abofados que defienden a empresas en contra de su reforma el\u00e9ctrica, respondi\u00f3 el Consejo General de la Abogac\u00eda Mexicana, organismo de coordinaci\u00f3n y unidad de Colegios de Abogados, al mandatario nacional.<\/p>\n\n\n\n<p>Tras estas declaraciones hechas por AMLO en su conferencia del lunes 22 de febrero, el Consejo General de la Abogac\u00eda Mexicana emiti\u00f3 lo anterior en un pronunciamiento sobre el libre ejercicio de la defensa jur\u00eddica, subrayando que la representaci\u00f3n legal para combatir la reforma energ\u00e9tica de AMLO de ninguna manera contraviene o implica actos contra la Independencia, Soberan\u00eda o Integridad de la naci\u00f3n Mexicana.<\/p>\n\n\n\n<p>Por el contrario, responde a AMLO que el ejercicio libre e independiente de la abogac\u00eda garantiza el acceso universal a la justicia en el marco legal aplicable.<\/p>\n\n\n\n<figure class=\"wp-block-image size-large\"><img loading=\"lazy\" decoding=\"async\" width=\"809\" height=\"1024\" src=\"http:\/\/vertienteglobal.com\/wp-content\/uploads\/2021\/02\/20210223_212550-809x1024.jpg\" alt=\"\" class=\"wp-image-176112\" srcset=\"http:\/\/vertienteglobal.com\/wp-content\/uploads\/2021\/02\/20210223_212550-809x1024.jpg 809w, http:\/\/vertienteglobal.com\/wp-content\/uploads\/2021\/02\/20210223_212550-237x300.jpg 237w, http:\/\/vertienteglobal.com\/wp-content\/uploads\/2021\/02\/20210223_212550-118x150.jpg 118w, http:\/\/vertienteglobal.com\/wp-content\/uploads\/2021\/02\/20210223_212550-768x973.jpg 768w, http:\/\/vertienteglobal.com\/wp-content\/uploads\/2021\/02\/20210223_212550-1213x1536.jpg 1213w, http:\/\/vertienteglobal.com\/wp-content\/uploads\/2021\/02\/20210223_212550.jpg 1242w\" sizes=\"auto, (max-width: 809px) 100vw, 809px\" \/><\/figure>\n","protected":false},"excerpt":{"rendered":"<p>(Redacci\u00f3n) El Consejo General de la Abogac\u00eda Mexicana emiti\u00f3 lo anterior en un pronunciamiento sobre el libre ejercicio de la defensa jur\u00eddica, subrayando que la representaci\u00f3n legal para combatir la reforma energ\u00e9tica de AMLO de ninguna manera contraviene o implica actos contra la Independencia, Soberan\u00eda o Integridad de la naci\u00f3n Mexicana Ciudad de Mexico a [&hellip;]<\/p>\n","protected":false},"author":1,"featured_media":176111,"comment_status":"open","ping_status":"open","sticky":false,"template":"","format":"standard","meta":{"footnotes":""},"categories":[8],"tags":[],"class_list":["post-176110","post","type-post","status-publish","format-standard","has-post-thumbnail","hentry","category-pais","entry","has-media"],"jetpack_featured_media_url":"http:\/\/vertienteglobal.com\/wp-content\/uploads\/2021\/02\/1145576.jpg","_links":{"self":[{"href":"http:\/\/vertienteglobal.com\/index.php?rest_route=\/wp\/v2\/posts\/176110","targetHints":{"allow":["GET"]}}],"collection":[{"href":"http:\/\/vertienteglobal.com\/index.php?rest_route=\/wp\/v2\/posts"}],"about":[{"href":"http:\/\/vertienteglobal.com\/index.php?rest_route=\/wp\/v2\/types\/post"}],"author":[{"embeddable":true,"href":"http:\/\/vertienteglobal.com\/index.php?rest_route=\/wp\/v2\/users\/1"}],"replies":[{"embeddable":true,"href":"http:\/\/vertienteglobal.com\/index.php?rest_route=%2Fwp%2Fv2%2Fcomments&post=176110"}],"version-history":[{"count":0,"href":"http:\/\/vertienteglobal.com\/index.php?rest_route=\/wp\/v2\/posts\/176110\/revisions"}],"wp:featuredmedia":[{"embeddable":true,"href":"http:\/\/vertienteglobal.com\/index.php?rest_route=\/wp\/v2\/media\/176111"}],"wp:attachment":[{"href":"http:\/\/vertienteglobal.com\/index.php?rest_route=%2Fwp%2Fv2%2Fmedia&parent=176110"}],"wp:term":[{"taxonomy":"category","embeddable":true,"href":"http:\/\/vertienteglobal.com\/index.php?rest_route=%2Fwp%2Fv2%2Fcategories&post=176110"},{"taxonomy":"post_tag","embeddable":true,"href":"http:\/\/vertienteglobal.com\/index.php?rest_route=%2Fwp%2Fv2%2Ftags&post=176110"}],"curies":[{"name":"wp","href":"https:\/\/api.w.org\/{rel}","templated":true}]}}