{"id":175912,"date":"2021-02-18T22:24:13","date_gmt":"2021-02-19T04:24:13","guid":{"rendered":"http:\/\/vertienteglobal.com\/?p=175912"},"modified":"2021-02-19T09:48:24","modified_gmt":"2021-02-19T15:48:24","slug":"quintana-roo-regresa-al-color-amarillo-del-22-al-28-de-febrero-carlos-joaquin","status":"publish","type":"post","link":"http:\/\/vertienteglobal.com\/?p=175912","title":{"rendered":"Quintana Roo regresa al color amarillo del 22 al 28 de febrero: Carlos Joaqu\u00edn"},"content":{"rendered":"\n<div class=\"twitterbutton\" style=\"float: right; padding-left: 5px;\"><a href=\"http:\/\/twitter.com\/share\" class=\"twitter-share-button\" data-count=\"horizontal\" data-text=\"Quintana Roo regresa al color amarillo del 22 al 28 de febrero: Carlos Joaqu\u00edn\" data-via=\"https:\/\/twitter.com\/VertienteGloba1\" data-url=\"http:\/\/vertienteglobal.com\/?p=175912\" data-lang=\"es\" data-related=\"Informaci\u00f3n general:S\u00edguenos para que est\u00e9ss informado\"><\/a><\/div>\n<figure class=\"wp-block-image size-large\"><img loading=\"lazy\" decoding=\"async\" width=\"1024\" height=\"646\" src=\"http:\/\/vertienteglobal.com\/wp-content\/uploads\/2021\/02\/CJ-Semaforo-1024x646.jpeg\" alt=\"\" class=\"wp-image-175913\" srcset=\"http:\/\/vertienteglobal.com\/wp-content\/uploads\/2021\/02\/CJ-Semaforo-1024x646.jpeg 1024w, http:\/\/vertienteglobal.com\/wp-content\/uploads\/2021\/02\/CJ-Semaforo-300x189.jpeg 300w, http:\/\/vertienteglobal.com\/wp-content\/uploads\/2021\/02\/CJ-Semaforo-150x95.jpeg 150w, http:\/\/vertienteglobal.com\/wp-content\/uploads\/2021\/02\/CJ-Semaforo-768x485.jpeg 768w, http:\/\/vertienteglobal.com\/wp-content\/uploads\/2021\/02\/CJ-Semaforo.jpeg 1280w\" sizes=\"auto, (max-width: 1024px) 100vw, 1024px\" \/><\/figure>\n\n\n\n<p>(Redaccion)<\/p>\n\n\n\n<p>El titular del Ejecutivo inform\u00f3 que despu\u00e9s de casi 2 meses, los 11 municipios registraron descensos en la curva de contagios<\/p>\n\n\n\n<p>Destaca la importancia de tener en cuenta c\u00f3mo una semana de fiestas impacta por casi dos meses la econom\u00eda de un estado<\/p>\n\n\n\n<p>Canc\u00fan, Quintana Roo, a 18 de febrero de 2021.- Todo Quintana Roo regresa al color amarillo, del 22 al 28 de febrero pr\u00f3ximos, en el Sem\u00e1foro Epidemiol\u00f3gico Estatal, lo que permitir\u00e1 mayor reapertura de negocios con base en los lineamientos del plan Reactivemos Quintana Roo, expres\u00f3 el gobernador Carlos Joaqu\u00edn.<\/p>\n\n\n\n<p>Sin embargo, en el sur, en la capital del estado, se pondr\u00e1 mayor atenci\u00f3n en la aplicaci\u00f3n de los protocolos, las medidas, los h\u00e1bitos de higiene pues aun cuando se tuvo un descenso del 28% en la curva de contagios en los \u00faltimos d\u00edas se tienen signos de alerta, a\u00f1adi\u00f3 el gobernador de Quintana Roo.<\/p>\n\n\n\n<p>El titular del Ejecutivo enfatiz\u00f3 que, por primera vez, desde que se tuvo el repunte de contagios a ra\u00edz de las fiestas de navidad y de a\u00f1o nuevo, se tuvo una disminuci\u00f3n en la curva de contagios en los 11 municipios del estado.<\/p>\n\n\n\n<p>Carlos Joaqu\u00edn pidi\u00f3 a todas y a todos los quintanarroenses tener en cuenta c\u00f3mo una semana de fiestas puede afectar hasta por dos meses la salud de la gente y la econom\u00eda de un estado.<\/p>\n\n\n\n<p>\u201cDense cuenta de la importancia que tiene el respeto de los protocolos, la aplicaci\u00f3n de los h\u00e1bitos, las medidas de prevenci\u00f3n. No hay que bajar los brazos. D\u00e9monos cuenta lo que ocasiona una semana de fiesta\u201d pidi\u00f3 el titular del Ejecutivo.<\/p>\n\n\n\n<p>El gobernador de Quintana Roo explic\u00f3 que no podemos tener un sem\u00e1foro que vayamos de naranja a amarillo, de amarillo a naranja, pues eso representa afectaciones a la econom\u00eda de las empresas y los negocios.<\/p>\n\n\n\n<p>Por ello, pidi\u00f3 a todos, micro, peque\u00f1os, medianos y grandes empresarios a respetar los protocolos para el cuidado de la salud tanto de trabajadores como clientes, familias, y lograr el equilibrio entre la salud y la econom\u00eda.<\/p>\n\n\n\n<p>\u201cCuando se respetan los protocolos y se genera esa confianza entonces el sem\u00e1foro inmediatamente lo indica\u201d a\u00f1adi\u00f3 el gobernador Carlos Joaqu\u00edn durante el programa Conexi\u00f3n Ciudadana que se transmiti\u00f3 por la se\u00f1al del Sistema Quintanarroense de Comunicaci\u00f3n Social y las redes de la Coordinaci\u00f3n General de Comunicaci\u00f3n.<\/p>\n","protected":false},"excerpt":{"rendered":"<p>(Redaccion) El titular del Ejecutivo inform\u00f3 que despu\u00e9s de casi 2 meses, los 11 municipios registraron descensos en la curva de contagios Destaca la importancia de tener en cuenta c\u00f3mo una semana de fiestas impacta por casi dos meses la econom\u00eda de un estado Canc\u00fan, Quintana Roo, a 18 de febrero de 2021.- Todo Quintana [&hellip;]<\/p>\n","protected":false},"author":1,"featured_media":175913,"comment_status":"open","ping_status":"open","sticky":false,"template":"","format":"standard","meta":{"footnotes":""},"categories":[3],"tags":[],"class_list":["post-175912","post","type-post","status-publish","format-standard","has-post-thumbnail","hentry","category-quintana-roo","entry","has-media"],"jetpack_featured_media_url":"http:\/\/vertienteglobal.com\/wp-content\/uploads\/2021\/02\/CJ-Semaforo.jpeg","_links":{"self":[{"href":"http:\/\/vertienteglobal.com\/index.php?rest_route=\/wp\/v2\/posts\/175912","targetHints":{"allow":["GET"]}}],"collection":[{"href":"http:\/\/vertienteglobal.com\/index.php?rest_route=\/wp\/v2\/posts"}],"about":[{"href":"http:\/\/vertienteglobal.com\/index.php?rest_route=\/wp\/v2\/types\/post"}],"author":[{"embeddable":true,"href":"http:\/\/vertienteglobal.com\/index.php?rest_route=\/wp\/v2\/users\/1"}],"replies":[{"embeddable":true,"href":"http:\/\/vertienteglobal.com\/index.php?rest_route=%2Fwp%2Fv2%2Fcomments&post=175912"}],"version-history":[{"count":0,"href":"http:\/\/vertienteglobal.com\/index.php?rest_route=\/wp\/v2\/posts\/175912\/revisions"}],"wp:featuredmedia":[{"embeddable":true,"href":"http:\/\/vertienteglobal.com\/index.php?rest_route=\/wp\/v2\/media\/175913"}],"wp:attachment":[{"href":"http:\/\/vertienteglobal.com\/index.php?rest_route=%2Fwp%2Fv2%2Fmedia&parent=175912"}],"wp:term":[{"taxonomy":"category","embeddable":true,"href":"http:\/\/vertienteglobal.com\/index.php?rest_route=%2Fwp%2Fv2%2Fcategories&post=175912"},{"taxonomy":"post_tag","embeddable":true,"href":"http:\/\/vertienteglobal.com\/index.php?rest_route=%2Fwp%2Fv2%2Ftags&post=175912"}],"curies":[{"name":"wp","href":"https:\/\/api.w.org\/{rel}","templated":true}]}}