{"id":175902,"date":"2021-02-18T19:50:00","date_gmt":"2021-02-19T01:50:00","guid":{"rendered":"http:\/\/vertienteglobal.com\/?p=175902"},"modified":"2021-02-19T09:30:09","modified_gmt":"2021-02-19T15:30:09","slug":"rescata-semar-a-7-tripulantes-del-barco-que-se-hundio-en-costas-de-veracruz","status":"publish","type":"post","link":"http:\/\/vertienteglobal.com\/?p=175902","title":{"rendered":"Rescata Semar a 7 tripulantes del barco que se hundi\u00f3 en costas de Veracruz"},"content":{"rendered":"\n<div class=\"twitterbutton\" style=\"float: right; padding-left: 5px;\"><a href=\"http:\/\/twitter.com\/share\" class=\"twitter-share-button\" data-count=\"horizontal\" data-text=\"Rescata Semar a 7 tripulantes del barco que se hundi\u00f3 en costas de Veracruz\" data-via=\"https:\/\/twitter.com\/VertienteGloba1\" data-url=\"http:\/\/vertienteglobal.com\/?p=175902\" data-lang=\"es\" data-related=\"Informaci\u00f3n general:S\u00edguenos para que est\u00e9ss informado\"><\/a><\/div>\n<figure class=\"wp-block-image size-large\"><img loading=\"lazy\" decoding=\"async\" width=\"1024\" height=\"680\" src=\"http:\/\/vertienteglobal.com\/wp-content\/uploads\/2021\/02\/1144900.jpg\" alt=\"\" class=\"wp-image-175903\" srcset=\"http:\/\/vertienteglobal.com\/wp-content\/uploads\/2021\/02\/1144900.jpg 1024w, http:\/\/vertienteglobal.com\/wp-content\/uploads\/2021\/02\/1144900-300x199.jpg 300w, http:\/\/vertienteglobal.com\/wp-content\/uploads\/2021\/02\/1144900-150x100.jpg 150w, http:\/\/vertienteglobal.com\/wp-content\/uploads\/2021\/02\/1144900-768x510.jpg 768w\" sizes=\"auto, (max-width: 1024px) 100vw, 1024px\" \/><\/figure>\n\n\n\n<p>(Redacci\u00f3n)<\/p>\n\n\n\n<p>La MLB arrib\u00f3 al punto se\u00f1alado efectuando el rescate de los n\u00e1ufragos, quienes fueron trasladados al puerto de Veracruz y posteriormente en ambulancia al Hospital Naval, donde recibieron atenci\u00f3n m\u00e9dica de urgencias<\/p>\n\n\n\n<p>Veracruz, Verqcruz, a 18 de febrero de 2021.- La Secretar\u00eda de Marina-Armada de M\u00e9xico (Semar) inform\u00f3 este jueves a trav\u00e9s de un comunicado el rescate de siete n\u00e1ufragos, quienes se encontraban a bordo de una embarcaci\u00f3n pesquera de nombre \u201cYELLOWFIN\u201d, en inmediaciones del Farall\u00f3n Don Carlos, al sur de Laguna Verde, en Veracruz.<\/p>\n\n\n\n<p>A continuaci\u00f3n el comunicado<\/p>\n\n\n\n<p>La Secretar\u00eda de Marina-Armada de M\u00e9xico, como Autoridad Mar\u00edtima Nacional y en funciones de Guardia Costera, informa que ayer, personal de la Primera Regi\u00f3n Naval adscrito a la Estaci\u00f3n Naval de B\u00fasqueda, Rescate y Vigilancia Mar\u00edtima (ENSAR) Veracruz, rescat\u00f3 a siete n\u00e1ufragos que se encontraban a bordo de una embarcaci\u00f3n pesquera de nombre \u201cYELLOWFIN\u201d, en inmediaciones del Farall\u00f3n Don Carlos, al sur de Laguna Verde.<\/p>\n\n\n\n<p>Esta acci\u00f3n se llev\u00f3 a cabo en atenci\u00f3n a una llamada de auxilio, en la cual se informaba que la embarcaci\u00f3n pesquera con siete personas a bordo se encontraba naufragando y la tripulaci\u00f3n flotando entre cabos y bidones a la deriva en inmediaciones del Farall\u00f3n; por lo que de manera inmediata se orden\u00f3 el zarpe de una embarcaci\u00f3n tipo MLB y el despegue de un avi\u00f3n Persuader, con el fin de salvaguardar la vida humana en la mar.<\/p>\n\n\n\n<p>Una vez que la aeronave de la Armada de M\u00e9xico localiz\u00f3 citada embarcaci\u00f3n, la MLB arrib\u00f3 al punto se\u00f1alado efectuando el rescate de los n\u00e1ufragos, quienes fueron trasladados al puerto de Veracruz y posteriormente en ambulancia al Hospital Naval, donde recibieron atenci\u00f3n m\u00e9dica de urgencias.<\/p>\n\n\n\n<p>Con estas acciones la Secretar\u00eda de Marina\u2013Armada de M\u00e9xico, como Autoridad Mar\u00edtima Nacional y en funciones de Guardia Costera, refrenda su compromiso con la ciudadan\u00eda de la salvaguarda la vida humana en la mar. (Fuente y Foto: Semar)<\/p>\n","protected":false},"excerpt":{"rendered":"<p>(Redacci\u00f3n) La MLB arrib\u00f3 al punto se\u00f1alado efectuando el rescate de los n\u00e1ufragos, quienes fueron trasladados al puerto de Veracruz y posteriormente en ambulancia al Hospital Naval, donde recibieron atenci\u00f3n m\u00e9dica de urgencias Veracruz, Verqcruz, a 18 de febrero de 2021.- La Secretar\u00eda de Marina-Armada de M\u00e9xico (Semar) inform\u00f3 este jueves a trav\u00e9s de un [&hellip;]<\/p>\n","protected":false},"author":1,"featured_media":175903,"comment_status":"open","ping_status":"open","sticky":false,"template":"","format":"standard","meta":{"footnotes":""},"categories":[7],"tags":[],"class_list":["post-175902","post","type-post","status-publish","format-standard","has-post-thumbnail","hentry","category-veracruz","entry","has-media"],"jetpack_featured_media_url":"http:\/\/vertienteglobal.com\/wp-content\/uploads\/2021\/02\/1144900.jpg","_links":{"self":[{"href":"http:\/\/vertienteglobal.com\/index.php?rest_route=\/wp\/v2\/posts\/175902","targetHints":{"allow":["GET"]}}],"collection":[{"href":"http:\/\/vertienteglobal.com\/index.php?rest_route=\/wp\/v2\/posts"}],"about":[{"href":"http:\/\/vertienteglobal.com\/index.php?rest_route=\/wp\/v2\/types\/post"}],"author":[{"embeddable":true,"href":"http:\/\/vertienteglobal.com\/index.php?rest_route=\/wp\/v2\/users\/1"}],"replies":[{"embeddable":true,"href":"http:\/\/vertienteglobal.com\/index.php?rest_route=%2Fwp%2Fv2%2Fcomments&post=175902"}],"version-history":[{"count":0,"href":"http:\/\/vertienteglobal.com\/index.php?rest_route=\/wp\/v2\/posts\/175902\/revisions"}],"wp:featuredmedia":[{"embeddable":true,"href":"http:\/\/vertienteglobal.com\/index.php?rest_route=\/wp\/v2\/media\/175903"}],"wp:attachment":[{"href":"http:\/\/vertienteglobal.com\/index.php?rest_route=%2Fwp%2Fv2%2Fmedia&parent=175902"}],"wp:term":[{"taxonomy":"category","embeddable":true,"href":"http:\/\/vertienteglobal.com\/index.php?rest_route=%2Fwp%2Fv2%2Fcategories&post=175902"},{"taxonomy":"post_tag","embeddable":true,"href":"http:\/\/vertienteglobal.com\/index.php?rest_route=%2Fwp%2Fv2%2Ftags&post=175902"}],"curies":[{"name":"wp","href":"https:\/\/api.w.org\/{rel}","templated":true}]}}