{"id":175697,"date":"2021-02-14T21:50:37","date_gmt":"2021-02-15T03:50:37","guid":{"rendered":"http:\/\/vertienteglobal.com\/?p=175697"},"modified":"2021-02-16T08:49:14","modified_gmt":"2021-02-16T14:49:14","slug":"llega-a-quintana-roo-el-tercer-lote-de-vacunas-contra-la-covid-19","status":"publish","type":"post","link":"http:\/\/vertienteglobal.com\/?p=175697","title":{"rendered":"Llega a Quintana Roo el tercer lote de vacunas contra la covid-19"},"content":{"rendered":"\n<div class=\"twitterbutton\" style=\"float: right; padding-left: 5px;\"><a href=\"http:\/\/twitter.com\/share\" class=\"twitter-share-button\" data-count=\"horizontal\" data-text=\"Llega a Quintana Roo el tercer lote de vacunas contra la covid-19\" data-via=\"https:\/\/twitter.com\/VertienteGloba1\" data-url=\"http:\/\/vertienteglobal.com\/?p=175697\" data-lang=\"es\" data-related=\"Informaci\u00f3n general:S\u00edguenos para que est\u00e9ss informado\"><\/a><\/div>\n<figure class=\"wp-block-image size-large\"><img loading=\"lazy\" decoding=\"async\" width=\"585\" height=\"329\" src=\"http:\/\/vertienteglobal.com\/wp-content\/uploads\/2021\/02\/CJ-3er-Lote-06-585x329-1.jpeg\" alt=\"\" class=\"wp-image-175698\" srcset=\"http:\/\/vertienteglobal.com\/wp-content\/uploads\/2021\/02\/CJ-3er-Lote-06-585x329-1.jpeg 585w, http:\/\/vertienteglobal.com\/wp-content\/uploads\/2021\/02\/CJ-3er-Lote-06-585x329-1-300x169.jpeg 300w, http:\/\/vertienteglobal.com\/wp-content\/uploads\/2021\/02\/CJ-3er-Lote-06-585x329-1-150x84.jpeg 150w\" sizes=\"auto, (max-width: 585px) 100vw, 585px\" \/><\/figure>\n\n\n\n<p>(Redaccion)<\/p>\n\n\n\n<p>Carlos Joaqu\u00edn inform\u00f3 que esta semana se reiniciar\u00e1 el programa de vacunaci\u00f3n contra la covid-19 en la entidad<\/p>\n\n\n\n<p>Se estima que la vacunaci\u00f3n para las personas de 60 a\u00f1os y m\u00e1s empiece en Puerto Morelos y Bacalar<\/p>\n\n\n\n<p>Chetumal, Quintana Roo, a 14 de febrero de 2021.- El gobernador Carlos Joaqu\u00edn inform\u00f3 que hoy lleg\u00f3 a M\u00e9xico el tercer lote de vacunas contra la covid-19, por lo que esta semana, en coordinaci\u00f3n con el gobierno federal, se reiniciar\u00e1 el programa de vacunaci\u00f3n contra la covid-19 en Quintana Roo.<\/p>\n\n\n\n<p>En total, llegaron 6 mil 920 dosis de la farmac\u00e9utica AstraZeneca para su aplicaci\u00f3n a adultos mayores de Puerto Morelos y Bacalar. Esta vacuna es de una sola dosis.<\/p>\n\n\n\n<p>La segunda dosis para el personal m\u00e9dico ser\u00e1 de la firma Pfizer.<\/p>\n\n\n\n<p>El gobernador de Quintana Roo Carlos Joaqu\u00edn inform\u00f3 que este domingo, 14 de febrero, llegaron a M\u00e9xico 870 mil dosis de la vacuna AstraZeneca desde la India.<\/p>\n\n\n\n<p>Agreg\u00f3 que ya se inici\u00f3 la distribuci\u00f3n a\u00e9rea en 25 estados de la rep\u00fablica. El martes, se reiniciar\u00e1 el suministro de Pfizer con 494 mil dosis.<\/p>\n\n\n\n<p>Carlos Joaqu\u00edn dijo que, dentro de la estrategia de distribuci\u00f3n, Quintana Roo forma parte de la ruta tres de entrega de la vacuna AstraZeneca. Esta ruta iniciar\u00e1 en M\u00e9rida y despu\u00e9s siguen Canc\u00fan, Chetumal y Campeche.<\/p>\n\n\n\n<p>Actualmente, en Quintana Roo, hay cerca de seis mil personas vacunadas: m\u00e9dicos de primera l\u00ednea de acci\u00f3n que estar\u00e1n recibiendo la segunda dosis de Pfizer.<\/p>\n\n\n\n<p>Para la aplicaci\u00f3n de la vacuna a las personas de 60 a\u00f1os o mayores se requiere que se hayan ido registrados en el portal que, para tal efecto, la Secretar\u00eda de Salud federal gener\u00f3.<\/p>\n\n\n\n<p>Carlos Joaqu\u00edn explic\u00f3 que, para registrar a todas las personas mayores de 60 a\u00f1os, es necesario entrar al portal mivacuna.salud.gob.mx.<\/p>\n\n\n\n<p>Con dicho registro, se generar\u00e1n las primeras citas para que la gente pueda vacunarse en el lugar m\u00e1s cercano a su domicilio.<\/p>\n\n\n\n<p>Esta semana, que va del lunes 15 al domingo 21 de febrero, Quintana Roo permanecer\u00e1 en color naranja en el Sem\u00e1foro Epidemiol\u00f3gico Estatal.<\/p>\n\n\n\n<p>Por ello, el gobernador Carlos Joaqu\u00edn trabaja, en coordinaci\u00f3n con las y los presidentes municipales del estado, en programas de prevenci\u00f3n contra la covid-19 y en m\u00e1s acciones para cuidar la salud de la gente y evitar contagios y defunciones que lastiman a familias de Quintana Roo.<\/p>\n\n\n\n<figure class=\"wp-block-image size-large\"><img loading=\"lazy\" decoding=\"async\" width=\"1024\" height=\"618\" src=\"http:\/\/vertienteglobal.com\/wp-content\/uploads\/2021\/02\/CJ-Vacunacion-05-1-1024x618.jpeg\" alt=\"\" class=\"wp-image-175699\" srcset=\"http:\/\/vertienteglobal.com\/wp-content\/uploads\/2021\/02\/CJ-Vacunacion-05-1-1024x618.jpeg 1024w, http:\/\/vertienteglobal.com\/wp-content\/uploads\/2021\/02\/CJ-Vacunacion-05-1-300x181.jpeg 300w, http:\/\/vertienteglobal.com\/wp-content\/uploads\/2021\/02\/CJ-Vacunacion-05-1-150x91.jpeg 150w, http:\/\/vertienteglobal.com\/wp-content\/uploads\/2021\/02\/CJ-Vacunacion-05-1-768x464.jpeg 768w, http:\/\/vertienteglobal.com\/wp-content\/uploads\/2021\/02\/CJ-Vacunacion-05-1.jpeg 1280w\" sizes=\"auto, (max-width: 1024px) 100vw, 1024px\" \/><\/figure>\n\n\n\n<figure class=\"wp-block-image size-large\"><img loading=\"lazy\" decoding=\"async\" width=\"585\" height=\"329\" src=\"http:\/\/vertienteglobal.com\/wp-content\/uploads\/2021\/02\/CJ-3er-Lote-05-585x329-1.jpeg\" alt=\"\" class=\"wp-image-175700\" srcset=\"http:\/\/vertienteglobal.com\/wp-content\/uploads\/2021\/02\/CJ-3er-Lote-05-585x329-1.jpeg 585w, http:\/\/vertienteglobal.com\/wp-content\/uploads\/2021\/02\/CJ-3er-Lote-05-585x329-1-300x169.jpeg 300w, http:\/\/vertienteglobal.com\/wp-content\/uploads\/2021\/02\/CJ-3er-Lote-05-585x329-1-150x84.jpeg 150w\" sizes=\"auto, (max-width: 585px) 100vw, 585px\" \/><\/figure>\n\n\n\n<figure class=\"wp-block-image size-large\"><img loading=\"lazy\" decoding=\"async\" width=\"585\" height=\"329\" src=\"http:\/\/vertienteglobal.com\/wp-content\/uploads\/2021\/02\/CJ-3er-Lote-03-585x329-1.jpeg\" alt=\"\" class=\"wp-image-175701\" srcset=\"http:\/\/vertienteglobal.com\/wp-content\/uploads\/2021\/02\/CJ-3er-Lote-03-585x329-1.jpeg 585w, http:\/\/vertienteglobal.com\/wp-content\/uploads\/2021\/02\/CJ-3er-Lote-03-585x329-1-300x169.jpeg 300w, http:\/\/vertienteglobal.com\/wp-content\/uploads\/2021\/02\/CJ-3er-Lote-03-585x329-1-150x84.jpeg 150w\" sizes=\"auto, (max-width: 585px) 100vw, 585px\" \/><\/figure>\n","protected":false},"excerpt":{"rendered":"<p>(Redaccion) Carlos Joaqu\u00edn inform\u00f3 que esta semana se reiniciar\u00e1 el programa de vacunaci\u00f3n contra la covid-19 en la entidad Se estima que la vacunaci\u00f3n para las personas de 60 a\u00f1os y m\u00e1s empiece en Puerto Morelos y Bacalar Chetumal, Quintana Roo, a 14 de febrero de 2021.- El gobernador Carlos Joaqu\u00edn inform\u00f3 que hoy lleg\u00f3 [&hellip;]<\/p>\n","protected":false},"author":1,"featured_media":175698,"comment_status":"open","ping_status":"open","sticky":false,"template":"","format":"standard","meta":{"footnotes":""},"categories":[3],"tags":[],"class_list":["post-175697","post","type-post","status-publish","format-standard","has-post-thumbnail","hentry","category-quintana-roo","entry","has-media"],"jetpack_featured_media_url":"http:\/\/vertienteglobal.com\/wp-content\/uploads\/2021\/02\/CJ-3er-Lote-06-585x329-1.jpeg","_links":{"self":[{"href":"http:\/\/vertienteglobal.com\/index.php?rest_route=\/wp\/v2\/posts\/175697","targetHints":{"allow":["GET"]}}],"collection":[{"href":"http:\/\/vertienteglobal.com\/index.php?rest_route=\/wp\/v2\/posts"}],"about":[{"href":"http:\/\/vertienteglobal.com\/index.php?rest_route=\/wp\/v2\/types\/post"}],"author":[{"embeddable":true,"href":"http:\/\/vertienteglobal.com\/index.php?rest_route=\/wp\/v2\/users\/1"}],"replies":[{"embeddable":true,"href":"http:\/\/vertienteglobal.com\/index.php?rest_route=%2Fwp%2Fv2%2Fcomments&post=175697"}],"version-history":[{"count":0,"href":"http:\/\/vertienteglobal.com\/index.php?rest_route=\/wp\/v2\/posts\/175697\/revisions"}],"wp:featuredmedia":[{"embeddable":true,"href":"http:\/\/vertienteglobal.com\/index.php?rest_route=\/wp\/v2\/media\/175698"}],"wp:attachment":[{"href":"http:\/\/vertienteglobal.com\/index.php?rest_route=%2Fwp%2Fv2%2Fmedia&parent=175697"}],"wp:term":[{"taxonomy":"category","embeddable":true,"href":"http:\/\/vertienteglobal.com\/index.php?rest_route=%2Fwp%2Fv2%2Fcategories&post=175697"},{"taxonomy":"post_tag","embeddable":true,"href":"http:\/\/vertienteglobal.com\/index.php?rest_route=%2Fwp%2Fv2%2Ftags&post=175697"}],"curies":[{"name":"wp","href":"https:\/\/api.w.org\/{rel}","templated":true}]}}